
{"id":77572,"date":"2019-01-09T21:48:26","date_gmt":"2019-01-10T00:48:26","guid":{"rendered":"http:\/\/www.sudoestehoje.com.br\/novoportal\/?p=77572"},"modified":"2019-01-09T21:48:26","modified_gmt":"2019-01-10T00:48:26","slug":"diretores-de-escolas-estaduais-da-bahia-ameacam-renuncia-coletiva","status":"publish","type":"post","link":"https:\/\/www.sudoestehoje.com.br\/novoportal\/2019\/01\/09\/diretores-de-escolas-estaduais-da-bahia-ameacam-renuncia-coletiva\/","title":{"rendered":"DIRETORES DE ESCOLAS ESTADUAIS DA BAHIA AMEA\u00c7AM REN\u00daNCIA COLETIVA"},"content":{"rendered":"<p><strong><em>Lei n\u00b0 14032 de 18 de dezembro de 2018, aprovada recentemente pela AL-BA, determina dedica\u00e7\u00e3o exclusiva para os profissionais dos col\u00e9gios do Estado.\u00a0<\/em><\/strong><\/p>\n<p><a href=\"http:\/\/www.sudoestehoje.com.br\/novoportal\/wp-content\/uploads\/2019\/01\/MODELO.jpg\"><img loading=\"lazy\" decoding=\"async\" class=\"aligncenter size-medium wp-image-77573\" src=\"http:\/\/www.sudoestehoje.com.br\/novoportal\/wp-content\/uploads\/2019\/01\/MODELO-500x250.jpg\" alt=\"\" width=\"500\" height=\"250\" srcset=\"https:\/\/www.sudoestehoje.com.br\/novoportal\/wp-content\/uploads\/2019\/01\/MODELO-500x250.jpg 500w, https:\/\/www.sudoestehoje.com.br\/novoportal\/wp-content\/uploads\/2019\/01\/MODELO-768x384.jpg 768w, https:\/\/www.sudoestehoje.com.br\/novoportal\/wp-content\/uploads\/2019\/01\/MODELO-700x350.jpg 700w, https:\/\/www.sudoestehoje.com.br\/novoportal\/wp-content\/uploads\/2019\/01\/MODELO.jpg 1024w\" sizes=\"auto, (max-width: 500px) 100vw, 500px\" \/><\/a><\/p>\n<p>Um ato publico est\u00e1 marcado para acontecer na pr\u00f3xima sexta-feira (11), \u00e0s 8h, na frente do pr\u00e9dio da Governadoria, no Centro Administrativo da Bahia (CAB), em Salvador.<\/p>\n<p>Os diretores e vice-diretores da rede estadual analisam pedir exonera\u00e7\u00e3o coletiva para protestar contra a Lei n\u00b0 14032 de 18 de dezembro de 2018, que determina dedica\u00e7\u00e3o exclusiva para os profissionais dos col\u00e9gios do Estado.<\/p>\n<p>Caso isso ocorra, o processo de matr\u00edcula e o in\u00edcio do ano letivo ficariam comprometidos. At\u00e9 o momento, segundo o sindicado APLB, n\u00e3o houve reposta do Executivo estadual. Uma carta aberta ainda foi endere\u00e7ada a popula\u00e7\u00e3o, com o objetivo de explicar a mobiliza\u00e7\u00e3o.<\/p>\n<p>Na manh\u00e3 de hoje (9), a dire\u00e7\u00e3o da APLB realizou uma reuni\u00e3o no audit\u00f3rio da corpora\u00e7\u00e3o, com os gestores de escolas da rede estadual para debater as pr\u00f3ximas a\u00e7\u00f5es da categoria contra a legisla\u00e7\u00e3o. Em debate, a categoria questiona e exige a revoga\u00e7\u00e3o imediata da medida, al\u00e9m de pedir que seja estabelecido um di\u00e1logo com os gestores.\u00a0As solicita\u00e7\u00f5es foram encaminhadas para a Secretaria da Educa\u00e7\u00e3o do Estado da Bahia (SEC), em documento entregue no dia 27 de dezembro.<\/p>\n","protected":false},"excerpt":{"rendered":"<p>Lei n\u00b0 14032 de 18 de dezembro de 2018, aprovada recentemente pela AL-BA, determina dedica\u00e7\u00e3o exclusiva para os profissionais dos col\u00e9gios do Estado.\u00a0 Um ato publico est\u00e1 marcado para acontecer na pr\u00f3xima sexta-feira (11), \u00e0s 8h, na frente do pr\u00e9dio da Governadoria, no Centro Administrativo da Bahia (CAB), em Salvador. Os diretores e vice-diretores da [&hellip;]<\/p>\n","protected":false},"author":2,"featured_media":77573,"comment_status":"open","ping_status":"open","sticky":false,"template":"","format":"standard","meta":{"footnotes":"","_links_to":"","_links_to_target":""},"categories":[1],"tags":[],"class_list":["post-77572","post","type-post","status-publish","format-standard","has-post-thumbnail","hentry","category-geral"],"views":1230,"_links":{"self":[{"href":"https:\/\/www.sudoestehoje.com.br\/novoportal\/wp-json\/wp\/v2\/posts\/77572","targetHints":{"allow":["GET"]}}],"collection":[{"href":"https:\/\/www.sudoestehoje.com.br\/novoportal\/wp-json\/wp\/v2\/posts"}],"about":[{"href":"https:\/\/www.sudoestehoje.com.br\/novoportal\/wp-json\/wp\/v2\/types\/post"}],"author":[{"embeddable":true,"href":"https:\/\/www.sudoestehoje.com.br\/novoportal\/wp-json\/wp\/v2\/users\/2"}],"replies":[{"embeddable":true,"href":"https:\/\/www.sudoestehoje.com.br\/novoportal\/wp-json\/wp\/v2\/comments?post=77572"}],"version-history":[{"count":2,"href":"https:\/\/www.sudoestehoje.com.br\/novoportal\/wp-json\/wp\/v2\/posts\/77572\/revisions"}],"predecessor-version":[{"id":77575,"href":"https:\/\/www.sudoestehoje.com.br\/novoportal\/wp-json\/wp\/v2\/posts\/77572\/revisions\/77575"}],"wp:featuredmedia":[{"embeddable":true,"href":"https:\/\/www.sudoestehoje.com.br\/novoportal\/wp-json\/wp\/v2\/media\/77573"}],"wp:attachment":[{"href":"https:\/\/www.sudoestehoje.com.br\/novoportal\/wp-json\/wp\/v2\/media?parent=77572"}],"wp:term":[{"taxonomy":"category","embeddable":true,"href":"https:\/\/www.sudoestehoje.com.br\/novoportal\/wp-json\/wp\/v2\/categories?post=77572"},{"taxonomy":"post_tag","embeddable":true,"href":"https:\/\/www.sudoestehoje.com.br\/novoportal\/wp-json\/wp\/v2\/tags?post=77572"}],"curies":[{"name":"wp","href":"https:\/\/api.w.org\/{rel}","templated":true}]}}