
{"id":77554,"date":"2019-01-07T23:50:02","date_gmt":"2019-01-08T02:50:02","guid":{"rendered":"http:\/\/www.sudoestehoje.com.br\/novoportal\/?p=77554"},"modified":"2019-01-07T23:50:02","modified_gmt":"2019-01-08T02:50:02","slug":"bandidos-armados-ateiam-fogo-em-dois-onibus-na-zona-rural-de-ilheus","status":"publish","type":"post","link":"https:\/\/www.sudoestehoje.com.br\/novoportal\/2019\/01\/07\/bandidos-armados-ateiam-fogo-em-dois-onibus-na-zona-rural-de-ilheus\/","title":{"rendered":"BANDIDOS ARMADOS ATEIAM FOGO EM DOIS \u00d4NIBUS NA ZONA RURAL DE ILH\u00c9US"},"content":{"rendered":"<p><a href=\"http:\/\/www.sudoestehoje.com.br\/novoportal\/wp-content\/uploads\/2019\/01\/FOGO-\u00d4NIBUS.jpg\"><img loading=\"lazy\" decoding=\"async\" class=\"aligncenter size-medium wp-image-77555\" src=\"http:\/\/www.sudoestehoje.com.br\/novoportal\/wp-content\/uploads\/2019\/01\/FOGO-\u00d4NIBUS-500x319.jpg\" alt=\"\" width=\"500\" height=\"319\" srcset=\"https:\/\/www.sudoestehoje.com.br\/novoportal\/wp-content\/uploads\/2019\/01\/FOGO-\u00d4NIBUS-500x319.jpg 500w, https:\/\/www.sudoestehoje.com.br\/novoportal\/wp-content\/uploads\/2019\/01\/FOGO-\u00d4NIBUS.jpg 540w\" sizes=\"auto, (max-width: 500px) 100vw, 500px\" \/><\/a><\/p>\n<p>Bandidos armados e encapuzados atearam fogo em dois \u00f4nibus em Irariri, zona rural de Ilh\u00e9us, na noite desta segunda-feira (7).\u00a0 Segundo informa\u00e7\u00f5es apuradas pelo Ipolitica, quatro elementos participaram do ato criminoso.<\/p>\n<p>Crime organizado? Repres\u00e1lia do transporte clandestino pelas a\u00e7\u00f5es en\u00e9rgicas da pol\u00edcia e Minist\u00e9rio P\u00fablico?\u00a0 A ida de policiais baianos para o combate ao crime organizado no Cear\u00e1 ? A policia trabalha com v\u00e1rias linhas de investiga\u00e7\u00e3o. <em>\/\/Ipol\u00edtica<\/em><\/p>\n","protected":false},"excerpt":{"rendered":"<p>Bandidos armados e encapuzados atearam fogo em dois \u00f4nibus em Irariri, zona rural de Ilh\u00e9us, na noite desta segunda-feira (7).\u00a0 Segundo informa\u00e7\u00f5es apuradas pelo Ipolitica, quatro elementos participaram do ato criminoso. Crime organizado? Repres\u00e1lia do transporte clandestino pelas a\u00e7\u00f5es en\u00e9rgicas da pol\u00edcia e Minist\u00e9rio P\u00fablico?\u00a0 A ida de policiais baianos para o combate ao crime [&hellip;]<\/p>\n","protected":false},"author":2,"featured_media":77555,"comment_status":"open","ping_status":"open","sticky":false,"template":"","format":"standard","meta":{"footnotes":"","_links_to":"","_links_to_target":""},"categories":[1],"tags":[],"class_list":["post-77554","post","type-post","status-publish","format-standard","has-post-thumbnail","hentry","category-geral"],"views":939,"_links":{"self":[{"href":"https:\/\/www.sudoestehoje.com.br\/novoportal\/wp-json\/wp\/v2\/posts\/77554","targetHints":{"allow":["GET"]}}],"collection":[{"href":"https:\/\/www.sudoestehoje.com.br\/novoportal\/wp-json\/wp\/v2\/posts"}],"about":[{"href":"https:\/\/www.sudoestehoje.com.br\/novoportal\/wp-json\/wp\/v2\/types\/post"}],"author":[{"embeddable":true,"href":"https:\/\/www.sudoestehoje.com.br\/novoportal\/wp-json\/wp\/v2\/users\/2"}],"replies":[{"embeddable":true,"href":"https:\/\/www.sudoestehoje.com.br\/novoportal\/wp-json\/wp\/v2\/comments?post=77554"}],"version-history":[{"count":1,"href":"https:\/\/www.sudoestehoje.com.br\/novoportal\/wp-json\/wp\/v2\/posts\/77554\/revisions"}],"predecessor-version":[{"id":77556,"href":"https:\/\/www.sudoestehoje.com.br\/novoportal\/wp-json\/wp\/v2\/posts\/77554\/revisions\/77556"}],"wp:featuredmedia":[{"embeddable":true,"href":"https:\/\/www.sudoestehoje.com.br\/novoportal\/wp-json\/wp\/v2\/media\/77555"}],"wp:attachment":[{"href":"https:\/\/www.sudoestehoje.com.br\/novoportal\/wp-json\/wp\/v2\/media?parent=77554"}],"wp:term":[{"taxonomy":"category","embeddable":true,"href":"https:\/\/www.sudoestehoje.com.br\/novoportal\/wp-json\/wp\/v2\/categories?post=77554"},{"taxonomy":"post_tag","embeddable":true,"href":"https:\/\/www.sudoestehoje.com.br\/novoportal\/wp-json\/wp\/v2\/tags?post=77554"}],"curies":[{"name":"wp","href":"https:\/\/api.w.org\/{rel}","templated":true}]}}