
{"id":7754,"date":"2011-08-20T18:32:32","date_gmt":"2011-08-20T21:32:32","guid":{"rendered":"http:\/\/www.sudoestehoje.com.br\/novoportal\/?p=7754"},"modified":"2011-08-20T18:32:32","modified_gmt":"2011-08-20T21:32:32","slug":"nota-de-pesar-pelo-falecimento-de-kaline-de-jesus-santos","status":"publish","type":"post","link":"https:\/\/www.sudoestehoje.com.br\/novoportal\/2011\/08\/20\/nota-de-pesar-pelo-falecimento-de-kaline-de-jesus-santos\/","title":{"rendered":"NOTA DE PESAR PELO FALECIMENTO DE KALINE DE JESUS SANTOS"},"content":{"rendered":"<p style=\"text-align: center;\"><img decoding=\"async\" class=\"aligncenter\" src=\"http:\/\/www.blogdoanderson.com\/v2\/wp-content\/uploads\/aiui.jpg\" alt=\"\" width=\"230\" \/><\/p>\n<p>A diretoria do Hospital Geral de Vit\u00f3ria da Conquista, por meio de sua Assessoria de Comunica\u00e7\u00e3o, em nome de todos os seus funcion\u00e1rios, manifesta sentimento de pesar pela morte da t\u00e9cnica de enfermagem Kaline de Jesus Santos (38), v\u00edtima de acidente automobil\u00edstico na noite desta sexta-feira (19), pr\u00f3ximo a Serra do Mar\u00e7al. Funcion\u00e1ria dedicada, Kaline fazia parte da equipe da pediatria, setor no qual colegas e amigos foram surpreendidos com a tr\u00e1gica not\u00edcia, gerando como\u00e7\u00e3o no ambiente de trabalho e entre todos os servidores da unidade. Kaline deu plant\u00e3o durante o dia e \u00e0s 19:00h horas seguiu para Itapetinga, onde residia e tamb\u00e9m trabalhava como t\u00e9cnica de enfermagem, quando a viagem foi interrompida pelo grave acidente que deixou tr\u00eas v\u00edtimas no local. Kaline foi conduzida ao HGVC, chegou a ser atendida pelos plantonistas da unidade, mas, infelizmente, devido a grave les\u00e3o, n\u00e3o resistiu, vindo \u00e0 \u00f3bito poucas na madrugada deste s\u00e1bado, se tornando a quarta v\u00edtima. Neste momento de dor e tristeza, O HGVC solidariza-se aos familiares, amigos e colegas de trabalho, desejando que todos encontrem conforto e paz neste momento de perda, que aconteceu de forma t\u00e3o prematura.<\/p>\n","protected":false},"excerpt":{"rendered":"<p>A diretoria do Hospital Geral de Vit\u00f3ria da Conquista, por meio de sua Assessoria de Comunica\u00e7\u00e3o, em nome de todos os seus funcion\u00e1rios, manifesta sentimento de pesar pela morte da t\u00e9cnica de enfermagem Kaline de Jesus Santos (38), v\u00edtima de acidente automobil\u00edstico na noite desta sexta-feira (19), pr\u00f3ximo a Serra do Mar\u00e7al. Funcion\u00e1ria dedicada, Kaline [&hellip;]<\/p>\n","protected":false},"author":2,"featured_media":0,"comment_status":"open","ping_status":"open","sticky":false,"template":"","format":"standard","meta":{"footnotes":"","_links_to":"","_links_to_target":""},"categories":[1],"tags":[],"class_list":["post-7754","post","type-post","status-publish","format-standard","hentry","category-geral"],"views":1556,"_links":{"self":[{"href":"https:\/\/www.sudoestehoje.com.br\/novoportal\/wp-json\/wp\/v2\/posts\/7754","targetHints":{"allow":["GET"]}}],"collection":[{"href":"https:\/\/www.sudoestehoje.com.br\/novoportal\/wp-json\/wp\/v2\/posts"}],"about":[{"href":"https:\/\/www.sudoestehoje.com.br\/novoportal\/wp-json\/wp\/v2\/types\/post"}],"author":[{"embeddable":true,"href":"https:\/\/www.sudoestehoje.com.br\/novoportal\/wp-json\/wp\/v2\/users\/2"}],"replies":[{"embeddable":true,"href":"https:\/\/www.sudoestehoje.com.br\/novoportal\/wp-json\/wp\/v2\/comments?post=7754"}],"version-history":[{"count":3,"href":"https:\/\/www.sudoestehoje.com.br\/novoportal\/wp-json\/wp\/v2\/posts\/7754\/revisions"}],"predecessor-version":[{"id":7757,"href":"https:\/\/www.sudoestehoje.com.br\/novoportal\/wp-json\/wp\/v2\/posts\/7754\/revisions\/7757"}],"wp:attachment":[{"href":"https:\/\/www.sudoestehoje.com.br\/novoportal\/wp-json\/wp\/v2\/media?parent=7754"}],"wp:term":[{"taxonomy":"category","embeddable":true,"href":"https:\/\/www.sudoestehoje.com.br\/novoportal\/wp-json\/wp\/v2\/categories?post=7754"},{"taxonomy":"post_tag","embeddable":true,"href":"https:\/\/www.sudoestehoje.com.br\/novoportal\/wp-json\/wp\/v2\/tags?post=7754"}],"curies":[{"name":"wp","href":"https:\/\/api.w.org\/{rel}","templated":true}]}}