
{"id":77524,"date":"2019-01-06T21:57:23","date_gmt":"2019-01-07T00:57:23","guid":{"rendered":"http:\/\/www.sudoestehoje.com.br\/novoportal\/?p=77524"},"modified":"2019-01-06T23:39:39","modified_gmt":"2019-01-07T02:39:39","slug":"otto-deve-investir-no-delegado-roberto-junior-e-descartar-alecio-diz-blog","status":"publish","type":"post","link":"https:\/\/www.sudoestehoje.com.br\/novoportal\/2019\/01\/06\/otto-deve-investir-no-delegado-roberto-junior-e-descartar-alecio-diz-blog\/","title":{"rendered":"OTTO DEVE INVESTIR NO DELEGADO ROBERTO JUNIOR E DESCARTAR AL\u00c9CIO, DIZ BLOG"},"content":{"rendered":"<p><a href=\"http:\/\/www.sudoestehoje.com.br\/novoportal\/wp-content\/uploads\/2019\/01\/CASO-ATA.jpg\"><img loading=\"lazy\" decoding=\"async\" class=\"aligncenter size-medium wp-image-77528\" src=\"http:\/\/www.sudoestehoje.com.br\/novoportal\/wp-content\/uploads\/2019\/01\/CASO-ATA-500x281.jpg\" alt=\"\" width=\"500\" height=\"281\" srcset=\"https:\/\/www.sudoestehoje.com.br\/novoportal\/wp-content\/uploads\/2019\/01\/CASO-ATA-500x281.jpg 500w, https:\/\/www.sudoestehoje.com.br\/novoportal\/wp-content\/uploads\/2019\/01\/CASO-ATA-768x431.jpg 768w, https:\/\/www.sudoestehoje.com.br\/novoportal\/wp-content\/uploads\/2019\/01\/CASO-ATA-700x393.jpg 700w, https:\/\/www.sudoestehoje.com.br\/novoportal\/wp-content\/uploads\/2019\/01\/CASO-ATA.jpg 960w\" sizes=\"auto, (max-width: 500px) 100vw, 500px\" \/><\/a><\/p>\n<p>Segundo mat\u00e9ria postada no blog Pol\u00edticos do Sul da Bahia, neste domingo, o delegado de pol\u00edcia Roberto Junior teria sido convidado pelo senador Otto Alencar para se filiar ao seu partido, o PSD, para ser candidato a prefeito de Itapetinga em 2020.<\/p>\n<p>Ocorre que o nome do ex vice-prefeito Al\u00e9cio Chaves tem a prefer\u00eancia do partido no munic\u00edpio, sendo o preferido de Leo Matos, ligado ao deputado Ant\u00f4nio Brito, e Alfredo Cabral, &#8216;homem de confian\u00e7a&#8217; de Otto em Itapetinga e regi\u00e3o.<\/p>\n<p>Para complicar ainda mais o jogo, Al\u00e9cio \u00e9 uma das op\u00e7\u00f5es do deputado Rosemberg Pinto (PT) para disputar a prefeitura, j\u00e1 que o ex-prefeito Z\u00e9 Carlos \u00e9 &#8216;ficha-suja&#8217;, com 5 contas rejeitadas pelo TCM, e deve ficar fora da disputa.<\/p>\n<p>Com mais um postulante no time governista, a oposi\u00e7\u00e3o em Itapetinga, que ainda n\u00e3o superou as suas diferen\u00e7as, entra na disputa mais dividida que na elei\u00e7\u00e3o passada, quando se desintegrou na reta final e perdeu o pleito de goleada.<\/p>\n<p>Um <em>&#8216;alecista&#8217;<\/em> de carteirinha me disse h\u00e1 pouco o seguinte:<strong><em> &#8220;o delegado manda na cadeia, mas as &#8216;chaves&#8217; s\u00e3o de Al\u00e9cio (Chaves)&#8230;&#8221;<\/em><\/strong><\/p>\n<p>Ser\u00e1 mesmo?<\/p>\n<p><strong><em>Por Davi Ferraz<\/em><\/strong><\/p>\n","protected":false},"excerpt":{"rendered":"<p>Segundo mat\u00e9ria postada no blog Pol\u00edticos do Sul da Bahia, neste domingo, o delegado de pol\u00edcia Roberto Junior teria sido convidado pelo senador Otto Alencar para se filiar ao seu partido, o PSD, para ser candidato a prefeito de Itapetinga em 2020. Ocorre que o nome do ex vice-prefeito Al\u00e9cio Chaves tem a prefer\u00eancia do [&hellip;]<\/p>\n","protected":false},"author":2,"featured_media":77528,"comment_status":"open","ping_status":"open","sticky":false,"template":"","format":"standard","meta":{"footnotes":"","_links_to":"","_links_to_target":""},"categories":[1],"tags":[],"class_list":["post-77524","post","type-post","status-publish","format-standard","has-post-thumbnail","hentry","category-geral"],"views":1120,"_links":{"self":[{"href":"https:\/\/www.sudoestehoje.com.br\/novoportal\/wp-json\/wp\/v2\/posts\/77524","targetHints":{"allow":["GET"]}}],"collection":[{"href":"https:\/\/www.sudoestehoje.com.br\/novoportal\/wp-json\/wp\/v2\/posts"}],"about":[{"href":"https:\/\/www.sudoestehoje.com.br\/novoportal\/wp-json\/wp\/v2\/types\/post"}],"author":[{"embeddable":true,"href":"https:\/\/www.sudoestehoje.com.br\/novoportal\/wp-json\/wp\/v2\/users\/2"}],"replies":[{"embeddable":true,"href":"https:\/\/www.sudoestehoje.com.br\/novoportal\/wp-json\/wp\/v2\/comments?post=77524"}],"version-history":[{"count":8,"href":"https:\/\/www.sudoestehoje.com.br\/novoportal\/wp-json\/wp\/v2\/posts\/77524\/revisions"}],"predecessor-version":[{"id":77538,"href":"https:\/\/www.sudoestehoje.com.br\/novoportal\/wp-json\/wp\/v2\/posts\/77524\/revisions\/77538"}],"wp:featuredmedia":[{"embeddable":true,"href":"https:\/\/www.sudoestehoje.com.br\/novoportal\/wp-json\/wp\/v2\/media\/77528"}],"wp:attachment":[{"href":"https:\/\/www.sudoestehoje.com.br\/novoportal\/wp-json\/wp\/v2\/media?parent=77524"}],"wp:term":[{"taxonomy":"category","embeddable":true,"href":"https:\/\/www.sudoestehoje.com.br\/novoportal\/wp-json\/wp\/v2\/categories?post=77524"},{"taxonomy":"post_tag","embeddable":true,"href":"https:\/\/www.sudoestehoje.com.br\/novoportal\/wp-json\/wp\/v2\/tags?post=77524"}],"curies":[{"name":"wp","href":"https:\/\/api.w.org\/{rel}","templated":true}]}}