
{"id":77515,"date":"2019-01-06T20:10:41","date_gmt":"2019-01-06T23:10:41","guid":{"rendered":"http:\/\/www.sudoestehoje.com.br\/novoportal\/?p=77515"},"modified":"2019-01-06T21:11:24","modified_gmt":"2019-01-07T00:11:24","slug":"governo-baiano-decide-fechar-colegio-josue-brandao-em-itabuna","status":"publish","type":"post","link":"https:\/\/www.sudoestehoje.com.br\/novoportal\/2019\/01\/06\/governo-baiano-decide-fechar-colegio-josue-brandao-em-itabuna\/","title":{"rendered":"GOVERNO BAIANO DECIDE FECHAR COL\u00c9GIO JOSU\u00c9 BRAND\u00c3O, EM ITABUNA"},"content":{"rendered":"<p><a href=\"http:\/\/www.sudoestehoje.com.br\/novoportal\/wp-content\/uploads\/2019\/01\/josu\u00e9-brand\u00e3o-itabuna-580x282.jpg\"><img loading=\"lazy\" decoding=\"async\" class=\"aligncenter size-medium wp-image-77516\" src=\"http:\/\/www.sudoestehoje.com.br\/novoportal\/wp-content\/uploads\/2019\/01\/josu\u00e9-brand\u00e3o-itabuna-580x282-500x243.jpg\" alt=\"\" width=\"500\" height=\"243\" srcset=\"https:\/\/www.sudoestehoje.com.br\/novoportal\/wp-content\/uploads\/2019\/01\/josu\u00e9-brand\u00e3o-itabuna-580x282-500x243.jpg 500w, https:\/\/www.sudoestehoje.com.br\/novoportal\/wp-content\/uploads\/2019\/01\/josu\u00e9-brand\u00e3o-itabuna-580x282.jpg 580w\" sizes=\"auto, (max-width: 500px) 100vw, 500px\" \/><\/a><\/p>\n<p>Depois de recuar da decis\u00e3o de encerrar conv\u00eanio com o Col\u00e9gio Ciso, a Secretaria de Educa\u00e7\u00e3o da Bahia anunciou o fechamento do Col\u00e9gio Estadual Josu\u00e9 Brand\u00e3o, de Itabuna, inaugurado na d\u00e9cada de 90 com foco no ensino profissionalizante. O an\u00fancio foi feito neste final de semana, como parte de processo de reestrutura\u00e7\u00e3o da rede escolar do Estado.<\/p>\n<p>A Escola possui mais de 600 alunos e a decis\u00e3o da SEC-BA pegou de surpresa a comunidade escolar. Conforme o an\u00fancio, os alunos do Josu\u00e9 Brand\u00e3o ser\u00e3o transferidos para o Centro Integrado Oscar Marinho Falc\u00e3o (Ciomf), vizinho ao col\u00e9gio amea\u00e7ado de fechamento.<\/p>\n<p><a href=\"http:\/\/www.sudoestehoje.com.br\/novoportal\/wp-content\/uploads\/2019\/01\/josuebrandaofechamento-580x580.jpg\"><img loading=\"lazy\" decoding=\"async\" class=\"aligncenter size-medium wp-image-77517\" src=\"http:\/\/www.sudoestehoje.com.br\/novoportal\/wp-content\/uploads\/2019\/01\/josuebrandaofechamento-580x580-500x500.jpg\" alt=\"\" width=\"500\" height=\"500\" srcset=\"https:\/\/www.sudoestehoje.com.br\/novoportal\/wp-content\/uploads\/2019\/01\/josuebrandaofechamento-580x580-500x500.jpg 500w, https:\/\/www.sudoestehoje.com.br\/novoportal\/wp-content\/uploads\/2019\/01\/josuebrandaofechamento-580x580-150x150.jpg 150w, https:\/\/www.sudoestehoje.com.br\/novoportal\/wp-content\/uploads\/2019\/01\/josuebrandaofechamento-580x580.jpg 580w\" sizes=\"auto, (max-width: 500px) 100vw, 500px\" \/><\/a><\/p>\n<p>Alunos e professores decidiram reagir ao an\u00fancio de encerramento das atividades do Josu\u00e9 Brand\u00e3o. Eles far\u00e3o manifesta\u00e7\u00e3o, \u00e0s 8h desta segunda-feira (7), em frente ao N\u00facleo Regional de Educa\u00e7\u00e3o (NRE-5), no Centro de Itabuna. Ao contr\u00e1rio do Ciso, o Josu\u00e9 Brand\u00e3o funciona em terreno pr\u00f3prio e pertence \u00e0 rede do Governo do Estado. Este \u00e9 um dos argumentos contra o fechamento do col\u00e9gio. <em>\/\/Pimenta<\/em><\/p>\n","protected":false},"excerpt":{"rendered":"<p>Depois de recuar da decis\u00e3o de encerrar conv\u00eanio com o Col\u00e9gio Ciso, a Secretaria de Educa\u00e7\u00e3o da Bahia anunciou o fechamento do Col\u00e9gio Estadual Josu\u00e9 Brand\u00e3o, de Itabuna, inaugurado na d\u00e9cada de 90 com foco no ensino profissionalizante. O an\u00fancio foi feito neste final de semana, como parte de processo de reestrutura\u00e7\u00e3o da rede escolar [&hellip;]<\/p>\n","protected":false},"author":2,"featured_media":77516,"comment_status":"open","ping_status":"open","sticky":false,"template":"","format":"standard","meta":{"footnotes":"","_links_to":"","_links_to_target":""},"categories":[1],"tags":[],"class_list":["post-77515","post","type-post","status-publish","format-standard","has-post-thumbnail","hentry","category-geral"],"views":1510,"_links":{"self":[{"href":"https:\/\/www.sudoestehoje.com.br\/novoportal\/wp-json\/wp\/v2\/posts\/77515","targetHints":{"allow":["GET"]}}],"collection":[{"href":"https:\/\/www.sudoestehoje.com.br\/novoportal\/wp-json\/wp\/v2\/posts"}],"about":[{"href":"https:\/\/www.sudoestehoje.com.br\/novoportal\/wp-json\/wp\/v2\/types\/post"}],"author":[{"embeddable":true,"href":"https:\/\/www.sudoestehoje.com.br\/novoportal\/wp-json\/wp\/v2\/users\/2"}],"replies":[{"embeddable":true,"href":"https:\/\/www.sudoestehoje.com.br\/novoportal\/wp-json\/wp\/v2\/comments?post=77515"}],"version-history":[{"count":1,"href":"https:\/\/www.sudoestehoje.com.br\/novoportal\/wp-json\/wp\/v2\/posts\/77515\/revisions"}],"predecessor-version":[{"id":77518,"href":"https:\/\/www.sudoestehoje.com.br\/novoportal\/wp-json\/wp\/v2\/posts\/77515\/revisions\/77518"}],"wp:featuredmedia":[{"embeddable":true,"href":"https:\/\/www.sudoestehoje.com.br\/novoportal\/wp-json\/wp\/v2\/media\/77516"}],"wp:attachment":[{"href":"https:\/\/www.sudoestehoje.com.br\/novoportal\/wp-json\/wp\/v2\/media?parent=77515"}],"wp:term":[{"taxonomy":"category","embeddable":true,"href":"https:\/\/www.sudoestehoje.com.br\/novoportal\/wp-json\/wp\/v2\/categories?post=77515"},{"taxonomy":"post_tag","embeddable":true,"href":"https:\/\/www.sudoestehoje.com.br\/novoportal\/wp-json\/wp\/v2\/tags?post=77515"}],"curies":[{"name":"wp","href":"https:\/\/api.w.org\/{rel}","templated":true}]}}