
{"id":77507,"date":"2019-01-06T20:16:24","date_gmt":"2019-01-06T23:16:24","guid":{"rendered":"http:\/\/www.sudoestehoje.com.br\/novoportal\/?p=77507"},"modified":"2019-01-06T20:29:21","modified_gmt":"2019-01-06T23:29:21","slug":"naara-duarte-e-mesa-diretora-da-camara-sao-entrevistados-na-vida-nova-fm","status":"publish","type":"post","link":"https:\/\/www.sudoestehoje.com.br\/novoportal\/2019\/01\/06\/naara-duarte-e-mesa-diretora-da-camara-sao-entrevistados-na-vida-nova-fm\/","title":{"rendered":"NOVA MESA DIRETORA DA C\u00c2MARA \u00c9 ENTREVISTADA NA R\u00c1DIO VIDA NOVA FM"},"content":{"rendered":"<p><a href=\"http:\/\/www.sudoestehoje.com.br\/novoportal\/wp-content\/uploads\/2019\/01\/entrevista-vida-nova.jpg\"><img loading=\"lazy\" decoding=\"async\" class=\"aligncenter size-medium wp-image-77510\" src=\"http:\/\/www.sudoestehoje.com.br\/novoportal\/wp-content\/uploads\/2019\/01\/entrevista-vida-nova-500x281.jpg\" alt=\"\" width=\"500\" height=\"281\" srcset=\"https:\/\/www.sudoestehoje.com.br\/novoportal\/wp-content\/uploads\/2019\/01\/entrevista-vida-nova-500x281.jpg 500w, https:\/\/www.sudoestehoje.com.br\/novoportal\/wp-content\/uploads\/2019\/01\/entrevista-vida-nova-768x432.jpg 768w, https:\/\/www.sudoestehoje.com.br\/novoportal\/wp-content\/uploads\/2019\/01\/entrevista-vida-nova-700x394.jpg 700w, https:\/\/www.sudoestehoje.com.br\/novoportal\/wp-content\/uploads\/2019\/01\/entrevista-vida-nova.jpg 960w\" sizes=\"auto, (max-width: 500px) 100vw, 500px\" \/><\/a><\/p>\n<p>Acompanhada dos novos membros da Mesa Diretora, Anderson da Nova e Nailton Negreiro, a presidente da C\u00e2mara de Vereadores de Itapetinga, Naara Duarte, foi entrevistada neste s\u00e1bado (5), no prestigiado programa de Jai, na Vida Nova FM, alcan\u00e7ando um dos maiores \u00edndices de participa\u00e7\u00e3o popular da hist\u00f3ria da emissora.<\/p>\n<p>Abertos e transparentes,\u00a0 os novos dirigentes do legislativo municipal responderam a todos os questionamentos dos entrevistadores e do p\u00fablico que participou por telefone, acerca do processo interno de elei\u00e7\u00e3o na C\u00e2mara que os elegeu para o bi\u00eanio 2019-2020, e da nova postura que a c\u00e2mara vai adotar nesse per\u00edodo.<\/p>\n<p>Naara ressaltou que durante a elei\u00e7\u00e3o da nova mesa, teve que enfrentar uma oposi\u00e7\u00e3o agressiva, que usou de todos os meios para desqualificar a chapa vencedora, mas que a uni\u00e3o dos 9 vereadores de situa\u00e7\u00e3o garantiu a vit\u00f3ria por larga margem.<\/p>\n<p>Segundo os novos dirigentes, a base agora vai atuar de forma mais coordenada, enfrentado a oposi\u00e7\u00e3o de forma firme, demonstrando a for\u00e7a e uni\u00e3o do grupo.<\/p>\n<p>Durante a semana, a nova mesa atuou unida e coordenada, adotando medidas para tornar o Legislativo Municipal mais atuante e aberto \u00e0 popula\u00e7\u00e3o do munic\u00edpio.<\/p>\n<p>Apesar do recesso regimental, os trabalhos internos na C\u00e2mara Municipal n\u00e3o foram suspensos, mas as atividades parlamentares s\u00f3 recome\u00e7ar\u00e3o a partir de 15 de fevereiro.<\/p>\n<p><strong><em>Por Davi Ferraz<\/em><\/strong><\/p>\n","protected":false},"excerpt":{"rendered":"<p>Acompanhada dos novos membros da Mesa Diretora, Anderson da Nova e Nailton Negreiro, a presidente da C\u00e2mara de Vereadores de Itapetinga, Naara Duarte, foi entrevistada neste s\u00e1bado (5), no prestigiado programa de Jai, na Vida Nova FM, alcan\u00e7ando um dos maiores \u00edndices de participa\u00e7\u00e3o popular da hist\u00f3ria da emissora. Abertos e transparentes,\u00a0 os novos dirigentes [&hellip;]<\/p>\n","protected":false},"author":2,"featured_media":77510,"comment_status":"open","ping_status":"open","sticky":false,"template":"","format":"standard","meta":{"footnotes":"","_links_to":"","_links_to_target":""},"categories":[1],"tags":[],"class_list":["post-77507","post","type-post","status-publish","format-standard","has-post-thumbnail","hentry","category-geral"],"views":894,"_links":{"self":[{"href":"https:\/\/www.sudoestehoje.com.br\/novoportal\/wp-json\/wp\/v2\/posts\/77507","targetHints":{"allow":["GET"]}}],"collection":[{"href":"https:\/\/www.sudoestehoje.com.br\/novoportal\/wp-json\/wp\/v2\/posts"}],"about":[{"href":"https:\/\/www.sudoestehoje.com.br\/novoportal\/wp-json\/wp\/v2\/types\/post"}],"author":[{"embeddable":true,"href":"https:\/\/www.sudoestehoje.com.br\/novoportal\/wp-json\/wp\/v2\/users\/2"}],"replies":[{"embeddable":true,"href":"https:\/\/www.sudoestehoje.com.br\/novoportal\/wp-json\/wp\/v2\/comments?post=77507"}],"version-history":[{"count":6,"href":"https:\/\/www.sudoestehoje.com.br\/novoportal\/wp-json\/wp\/v2\/posts\/77507\/revisions"}],"predecessor-version":[{"id":77514,"href":"https:\/\/www.sudoestehoje.com.br\/novoportal\/wp-json\/wp\/v2\/posts\/77507\/revisions\/77514"}],"wp:featuredmedia":[{"embeddable":true,"href":"https:\/\/www.sudoestehoje.com.br\/novoportal\/wp-json\/wp\/v2\/media\/77510"}],"wp:attachment":[{"href":"https:\/\/www.sudoestehoje.com.br\/novoportal\/wp-json\/wp\/v2\/media?parent=77507"}],"wp:term":[{"taxonomy":"category","embeddable":true,"href":"https:\/\/www.sudoestehoje.com.br\/novoportal\/wp-json\/wp\/v2\/categories?post=77507"},{"taxonomy":"post_tag","embeddable":true,"href":"https:\/\/www.sudoestehoje.com.br\/novoportal\/wp-json\/wp\/v2\/tags?post=77507"}],"curies":[{"name":"wp","href":"https:\/\/api.w.org\/{rel}","templated":true}]}}