
{"id":77491,"date":"2019-01-05T14:42:06","date_gmt":"2019-01-05T17:42:06","guid":{"rendered":"http:\/\/www.sudoestehoje.com.br\/novoportal\/?p=77491"},"modified":"2019-01-05T14:42:06","modified_gmt":"2019-01-05T17:42:06","slug":"quebrado-estado-quer-que-o-governo-federal-custeie-as-policlinicas-que-embalaram-campanha-de-rui","status":"publish","type":"post","link":"https:\/\/www.sudoestehoje.com.br\/novoportal\/2019\/01\/05\/quebrado-estado-quer-que-o-governo-federal-custeie-as-policlinicas-que-embalaram-campanha-de-rui\/","title":{"rendered":"QUEBRADO, ESTADO QUER QUE O GOVERNO FEDERAL CUSTEIE AS POLICL\u00cdNICAS QUE EMBALARAM CAMPANHA DE RUI"},"content":{"rendered":"<div><a href=\"http:\/\/www.sudoestehoje.com.br\/novoportal\/wp-content\/uploads\/2019\/01\/POLI.jpg\"><img loading=\"lazy\" decoding=\"async\" class=\"aligncenter size-medium wp-image-77492\" src=\"http:\/\/www.sudoestehoje.com.br\/novoportal\/wp-content\/uploads\/2019\/01\/POLI-500x281.jpg\" alt=\"\" width=\"500\" height=\"281\" srcset=\"https:\/\/www.sudoestehoje.com.br\/novoportal\/wp-content\/uploads\/2019\/01\/POLI-500x281.jpg 500w, https:\/\/www.sudoestehoje.com.br\/novoportal\/wp-content\/uploads\/2019\/01\/POLI-768x431.jpg 768w, https:\/\/www.sudoestehoje.com.br\/novoportal\/wp-content\/uploads\/2019\/01\/POLI-700x393.jpg 700w, https:\/\/www.sudoestehoje.com.br\/novoportal\/wp-content\/uploads\/2019\/01\/POLI.jpg 890w\" sizes=\"auto, (max-width: 500px) 100vw, 500px\" \/><\/a><\/div>\n<div>\n<p>Nas inaugura\u00e7\u00f5es das primeiras oito policl\u00ednicas regionais de sa\u00fade, o governador Rui Costa e o secret\u00e1rio estadual de Sa\u00fade, F\u00e1bio Vilas-Boas, exaltavam o modelo de financiamento escolhido para elas. S\u00e3o 60% de custeio para os munic\u00edpios e 40% para o estado.<\/p>\n<p>Assim, n\u00e3o seria necess\u00e1ria a entrada de recursos federais no circuito. Evitaria que o governo do estado passasse o pires para a Uni\u00e3o e tamb\u00e9m seria uma mostra de que a gest\u00e3o de Rui conseguiria, de forma independente, garantir o sucesso de uma das principais iniciativas do primeiro governo.<\/p>\n<p>No entanto, o governo baiano acabou se rendendo \u00e0 Uni\u00e3o no quesito policl\u00ednicas. Em uma resolu\u00e7\u00e3o aprovada pela Comiss\u00e3o Intergestores Bipartite da Bahia, formada pela Sesab e pelo Conselho Estadual dos Secret\u00e1rios Municipais de Sa\u00fade da Bahia (Cosems), o estado pediu ao governo federal o valor anual de <strong>R$ 61 milh\u00f5es para custear as policl\u00ednicas de Alagoinhas, Feira de Santana, Guanambi, Irec\u00ea, Jequi\u00e9, Santo Ant\u00f4nio de Jesus, Teixeira de Freitas e Valen\u00e7a.<\/strong><\/p>\n<p>O montante solicitado foi no teto financeiro, ou seja, o valor mais alto, para M\u00e9dia e Alta Complexidade (MAC) do estado. Cabe ao governo federal definir se far\u00e1, ou n\u00e3o, o aporte pedido pela Bahia. Vale lembrar que a resolu\u00e7\u00e3o foi feita em 8 de dezembro, portanto, ainda na gest\u00e3o do agora ex-presidente Michel Temer. Como a quantia ainda n\u00e3o foi liberada, caber\u00e1 ao governo de Jair Bolsonaro, ao qual Rui faz oposi\u00e7\u00e3o, definir se dar\u00e1 a ajuda financeira.\u00a0A\u00a0resolu\u00e7\u00e3o n\u00e3o estabelece\u00a0como seria feito esse repasse, se por conv\u00eanio ou uma nova linha de custeio, por exemplo. \/\/<em>Boc\u00e3o News<\/em><\/p>\n<\/div>\n","protected":false},"excerpt":{"rendered":"<p>Nas inaugura\u00e7\u00f5es das primeiras oito policl\u00ednicas regionais de sa\u00fade, o governador Rui Costa e o secret\u00e1rio estadual de Sa\u00fade, F\u00e1bio Vilas-Boas, exaltavam o modelo de financiamento escolhido para elas. S\u00e3o 60% de custeio para os munic\u00edpios e 40% para o estado. Assim, n\u00e3o seria necess\u00e1ria a entrada de recursos federais no circuito. Evitaria que o [&hellip;]<\/p>\n","protected":false},"author":2,"featured_media":77492,"comment_status":"open","ping_status":"open","sticky":false,"template":"","format":"standard","meta":{"footnotes":"","_links_to":"","_links_to_target":""},"categories":[1],"tags":[],"class_list":["post-77491","post","type-post","status-publish","format-standard","has-post-thumbnail","hentry","category-geral"],"views":3363,"_links":{"self":[{"href":"https:\/\/www.sudoestehoje.com.br\/novoportal\/wp-json\/wp\/v2\/posts\/77491","targetHints":{"allow":["GET"]}}],"collection":[{"href":"https:\/\/www.sudoestehoje.com.br\/novoportal\/wp-json\/wp\/v2\/posts"}],"about":[{"href":"https:\/\/www.sudoestehoje.com.br\/novoportal\/wp-json\/wp\/v2\/types\/post"}],"author":[{"embeddable":true,"href":"https:\/\/www.sudoestehoje.com.br\/novoportal\/wp-json\/wp\/v2\/users\/2"}],"replies":[{"embeddable":true,"href":"https:\/\/www.sudoestehoje.com.br\/novoportal\/wp-json\/wp\/v2\/comments?post=77491"}],"version-history":[{"count":4,"href":"https:\/\/www.sudoestehoje.com.br\/novoportal\/wp-json\/wp\/v2\/posts\/77491\/revisions"}],"predecessor-version":[{"id":77496,"href":"https:\/\/www.sudoestehoje.com.br\/novoportal\/wp-json\/wp\/v2\/posts\/77491\/revisions\/77496"}],"wp:featuredmedia":[{"embeddable":true,"href":"https:\/\/www.sudoestehoje.com.br\/novoportal\/wp-json\/wp\/v2\/media\/77492"}],"wp:attachment":[{"href":"https:\/\/www.sudoestehoje.com.br\/novoportal\/wp-json\/wp\/v2\/media?parent=77491"}],"wp:term":[{"taxonomy":"category","embeddable":true,"href":"https:\/\/www.sudoestehoje.com.br\/novoportal\/wp-json\/wp\/v2\/categories?post=77491"},{"taxonomy":"post_tag","embeddable":true,"href":"https:\/\/www.sudoestehoje.com.br\/novoportal\/wp-json\/wp\/v2\/tags?post=77491"}],"curies":[{"name":"wp","href":"https:\/\/api.w.org\/{rel}","templated":true}]}}