
{"id":77488,"date":"2019-01-04T23:28:03","date_gmt":"2019-01-05T02:28:03","guid":{"rendered":"http:\/\/www.sudoestehoje.com.br\/novoportal\/?p=77488"},"modified":"2019-01-04T23:39:08","modified_gmt":"2019-01-05T02:39:08","slug":"manobrista-perde-controle-da-direcao-e-carro-cai-de-garagem-de-hotel-2","status":"publish","type":"post","link":"https:\/\/www.sudoestehoje.com.br\/novoportal\/2019\/01\/04\/manobrista-perde-controle-da-direcao-e-carro-cai-de-garagem-de-hotel-2\/","title":{"rendered":"MANOBRISTA PERDE CONTROLE DA DIRE\u00c7\u00c3O E CARRO CAI DE GARAGEM DE HOTEL"},"content":{"rendered":"<p><a href=\"http:\/\/www.sudoestehoje.com.br\/novoportal\/wp-content\/uploads\/2019\/01\/MANOBRISTA-500x281-1.jpg\"><img loading=\"lazy\" decoding=\"async\" class=\"aligncenter size-medium wp-image-77489\" src=\"http:\/\/www.sudoestehoje.com.br\/novoportal\/wp-content\/uploads\/2019\/01\/MANOBRISTA-500x281-1-500x281.jpg\" alt=\"\" width=\"500\" height=\"281\" \/><\/a><\/p>\n<p>O manobrista de um apart hotel perdeu o controle de um carro e despencou do segundo andar do estacionamento, em Feira de Santana. O ve\u00edculo caiu de uma altura de 10 metros no final da manh\u00e3 desta sexta-feira (4).<\/p>\n<p>Segundo a dire\u00e7\u00e3o do estabelecimento, que fica no Bairro Santa M\u00f4nica, o homem estacionava o carro para um cliente quando confundiu os pedais do acelerador e freio. O manobrista sofreu leves ferimentos e foi levado para um hospital da cidade, onde est\u00e1 em observa\u00e7\u00e3o.<\/p>\n<div id=\"P_VARELA_NOTICIAS_OUTSTREAM_VIDEO0027786071983053162\" data-type=\"outstream\">A rua n\u00e3o precisou ser interditada por contada do acidente, apenas a \u00e1rea da garagem que o carro despencou foi isolada. A dire\u00e7\u00e3o do apart hotel informou que alugou um carro para o h\u00f3spede, dono do ve\u00edculo, seguir viagem.<\/div>\n","protected":false},"excerpt":{"rendered":"<p>O manobrista de um apart hotel perdeu o controle de um carro e despencou do segundo andar do estacionamento, em Feira de Santana. O ve\u00edculo caiu de uma altura de 10 metros no final da manh\u00e3 desta sexta-feira (4). Segundo a dire\u00e7\u00e3o do estabelecimento, que fica no Bairro Santa M\u00f4nica, o homem estacionava o carro [&hellip;]<\/p>\n","protected":false},"author":2,"featured_media":77489,"comment_status":"open","ping_status":"open","sticky":false,"template":"","format":"standard","meta":{"footnotes":"","_links_to":"","_links_to_target":""},"categories":[1],"tags":[],"class_list":["post-77488","post","type-post","status-publish","format-standard","has-post-thumbnail","hentry","category-geral"],"views":991,"_links":{"self":[{"href":"https:\/\/www.sudoestehoje.com.br\/novoportal\/wp-json\/wp\/v2\/posts\/77488","targetHints":{"allow":["GET"]}}],"collection":[{"href":"https:\/\/www.sudoestehoje.com.br\/novoportal\/wp-json\/wp\/v2\/posts"}],"about":[{"href":"https:\/\/www.sudoestehoje.com.br\/novoportal\/wp-json\/wp\/v2\/types\/post"}],"author":[{"embeddable":true,"href":"https:\/\/www.sudoestehoje.com.br\/novoportal\/wp-json\/wp\/v2\/users\/2"}],"replies":[{"embeddable":true,"href":"https:\/\/www.sudoestehoje.com.br\/novoportal\/wp-json\/wp\/v2\/comments?post=77488"}],"version-history":[{"count":1,"href":"https:\/\/www.sudoestehoje.com.br\/novoportal\/wp-json\/wp\/v2\/posts\/77488\/revisions"}],"predecessor-version":[{"id":77490,"href":"https:\/\/www.sudoestehoje.com.br\/novoportal\/wp-json\/wp\/v2\/posts\/77488\/revisions\/77490"}],"wp:featuredmedia":[{"embeddable":true,"href":"https:\/\/www.sudoestehoje.com.br\/novoportal\/wp-json\/wp\/v2\/media\/77489"}],"wp:attachment":[{"href":"https:\/\/www.sudoestehoje.com.br\/novoportal\/wp-json\/wp\/v2\/media?parent=77488"}],"wp:term":[{"taxonomy":"category","embeddable":true,"href":"https:\/\/www.sudoestehoje.com.br\/novoportal\/wp-json\/wp\/v2\/categories?post=77488"},{"taxonomy":"post_tag","embeddable":true,"href":"https:\/\/www.sudoestehoje.com.br\/novoportal\/wp-json\/wp\/v2\/tags?post=77488"}],"curies":[{"name":"wp","href":"https:\/\/api.w.org\/{rel}","templated":true}]}}