
{"id":77483,"date":"2019-01-04T23:29:41","date_gmt":"2019-01-05T02:29:41","guid":{"rendered":"http:\/\/www.sudoestehoje.com.br\/novoportal\/?p=77483"},"modified":"2019-01-04T23:29:41","modified_gmt":"2019-01-05T02:29:41","slug":"com-estado-quebrado-prefeitos-comecam-a-se-afastar-de-rui-e-aproximar-de-bolsonaro","status":"publish","type":"post","link":"https:\/\/www.sudoestehoje.com.br\/novoportal\/2019\/01\/04\/com-estado-quebrado-prefeitos-comecam-a-se-afastar-de-rui-e-aproximar-de-bolsonaro\/","title":{"rendered":"COM ESTADO QUEBRADO, PREFEITOS COME\u00c7AM A SE AFASTAR DE RUI E APROXIMAR DE BOLSONARO"},"content":{"rendered":"<p><a href=\"http:\/\/www.sudoestehoje.com.br\/novoportal\/wp-content\/uploads\/2019\/01\/bolso-rui.jpg\"><img loading=\"lazy\" decoding=\"async\" class=\"aligncenter size-medium wp-image-77486\" src=\"http:\/\/www.sudoestehoje.com.br\/novoportal\/wp-content\/uploads\/2019\/01\/bolso-rui-500x280.jpg\" alt=\"\" width=\"500\" height=\"280\" srcset=\"https:\/\/www.sudoestehoje.com.br\/novoportal\/wp-content\/uploads\/2019\/01\/bolso-rui-500x280.jpg 500w, https:\/\/www.sudoestehoje.com.br\/novoportal\/wp-content\/uploads\/2019\/01\/bolso-rui.jpg 640w\" sizes=\"auto, (max-width: 500px) 100vw, 500px\" \/><\/a><\/p>\n<p>Ap\u00f3s a vit\u00f3ria de Jair Bolsonaro e a situa\u00e7\u00e3o de crise financeira cr\u00edtica do estado da Bahia, alguns prefeitos e lideran\u00e7as do interior que apoiavam o governador Rui Costa (PT), j\u00e1 come\u00e7am a se afastar da gest\u00e3o estadual e iniciar conversa\u00e7\u00f5es com partidos que apoiam o governo federal.<\/p>\n<p>Segundo uma fonte governista que n\u00e3o quis se identificar, <em>\u201cnenhum prefeito vai querer ficar sem receber investimentos e ver seus projetos engavetados pelos minist\u00e9rios. Por isso muitos j\u00e1 iniciaram conversas com partidos aliados do governo federal, pois todos baianos j\u00e1 sabem que o governo da Bahia est\u00e1 quebrado e conseguir investimentos do governo estadual \u00e9 hoje uma utopia\u201d<\/em>.<\/p>\n<p>A tend\u00eancia, segundo lideran\u00e7as importantes do estado, \u00e9 que a base de Rui se desintegre bem antes do previsto, com aliados do governo e oposicionistas assumindo o protagonismo pol\u00edtico no estado.<\/p>\n","protected":false},"excerpt":{"rendered":"<p>Ap\u00f3s a vit\u00f3ria de Jair Bolsonaro e a situa\u00e7\u00e3o de crise financeira cr\u00edtica do estado da Bahia, alguns prefeitos e lideran\u00e7as do interior que apoiavam o governador Rui Costa (PT), j\u00e1 come\u00e7am a se afastar da gest\u00e3o estadual e iniciar conversa\u00e7\u00f5es com partidos que apoiam o governo federal. Segundo uma fonte governista que n\u00e3o quis [&hellip;]<\/p>\n","protected":false},"author":2,"featured_media":77486,"comment_status":"open","ping_status":"open","sticky":false,"template":"","format":"standard","meta":{"footnotes":"","_links_to":"","_links_to_target":""},"categories":[1],"tags":[],"class_list":["post-77483","post","type-post","status-publish","format-standard","has-post-thumbnail","hentry","category-geral"],"views":3048,"_links":{"self":[{"href":"https:\/\/www.sudoestehoje.com.br\/novoportal\/wp-json\/wp\/v2\/posts\/77483","targetHints":{"allow":["GET"]}}],"collection":[{"href":"https:\/\/www.sudoestehoje.com.br\/novoportal\/wp-json\/wp\/v2\/posts"}],"about":[{"href":"https:\/\/www.sudoestehoje.com.br\/novoportal\/wp-json\/wp\/v2\/types\/post"}],"author":[{"embeddable":true,"href":"https:\/\/www.sudoestehoje.com.br\/novoportal\/wp-json\/wp\/v2\/users\/2"}],"replies":[{"embeddable":true,"href":"https:\/\/www.sudoestehoje.com.br\/novoportal\/wp-json\/wp\/v2\/comments?post=77483"}],"version-history":[{"count":3,"href":"https:\/\/www.sudoestehoje.com.br\/novoportal\/wp-json\/wp\/v2\/posts\/77483\/revisions"}],"predecessor-version":[{"id":77487,"href":"https:\/\/www.sudoestehoje.com.br\/novoportal\/wp-json\/wp\/v2\/posts\/77483\/revisions\/77487"}],"wp:featuredmedia":[{"embeddable":true,"href":"https:\/\/www.sudoestehoje.com.br\/novoportal\/wp-json\/wp\/v2\/media\/77486"}],"wp:attachment":[{"href":"https:\/\/www.sudoestehoje.com.br\/novoportal\/wp-json\/wp\/v2\/media?parent=77483"}],"wp:term":[{"taxonomy":"category","embeddable":true,"href":"https:\/\/www.sudoestehoje.com.br\/novoportal\/wp-json\/wp\/v2\/categories?post=77483"},{"taxonomy":"post_tag","embeddable":true,"href":"https:\/\/www.sudoestehoje.com.br\/novoportal\/wp-json\/wp\/v2\/tags?post=77483"}],"curies":[{"name":"wp","href":"https:\/\/api.w.org\/{rel}","templated":true}]}}