
{"id":77469,"date":"2019-01-04T11:00:26","date_gmt":"2019-01-04T14:00:26","guid":{"rendered":"http:\/\/www.sudoestehoje.com.br\/novoportal\/?p=77469"},"modified":"2019-01-04T11:00:26","modified_gmt":"2019-01-04T14:00:26","slug":"bolsonaro-se-irrita-com-governadores-que-nao-foram-a-sua-posse-nao-venham-pedir-dinheiro","status":"publish","type":"post","link":"https:\/\/www.sudoestehoje.com.br\/novoportal\/2019\/01\/04\/bolsonaro-se-irrita-com-governadores-que-nao-foram-a-sua-posse-nao-venham-pedir-dinheiro\/","title":{"rendered":"BOLSONARO SE IRRITA COM GOVERNADORES QUE N\u00c3O FORAM \u00c0 SUA POSSE; &#8220;N\u00c3O VENHAM PEDIR DINHEIRO&#8221;"},"content":{"rendered":"<p style=\"line-height: 17.4pt; background: white;\"><a href=\"http:\/\/www.sudoestehoje.com.br\/novoportal\/wp-content\/uploads\/2019\/01\/bolsonarorui.jpg\"><img loading=\"lazy\" decoding=\"async\" class=\"aligncenter size-medium wp-image-77471\" src=\"http:\/\/www.sudoestehoje.com.br\/novoportal\/wp-content\/uploads\/2019\/01\/bolsonarorui-500x292.jpg\" alt=\"\" width=\"500\" height=\"292\" srcset=\"https:\/\/www.sudoestehoje.com.br\/novoportal\/wp-content\/uploads\/2019\/01\/bolsonarorui-500x292.jpg 500w, https:\/\/www.sudoestehoje.com.br\/novoportal\/wp-content\/uploads\/2019\/01\/bolsonarorui.jpg 554w\" sizes=\"auto, (max-width: 500px) 100vw, 500px\" \/><\/a><\/p>\n<p style=\"line-height: 17.4pt; background: white;\"><span style=\"font-family: 'Arial','sans-serif'; color: #333333; letter-spacing: -.25pt;\">O presidente Jair Bolsonaro (PSL) criticou os governadores do Nordeste que n\u00e3o foram a sua posse na \u00faltima ter\u00e7a-feira (03), em entrevista ao programa \u201cSBT Brasil\u201d na noite desta quinta.<\/span><\/p>\n<p style=\"line-height: 17.4pt; background: white; box-sizing: border-box; font-variant-ligatures: normal; font-variant-caps: normal; orphans: 2; text-align: start; widows: 2; -webkit-text-stroke-width: 0px; text-decoration-style: initial; text-decoration-color: initial; word-spacing: 0px;\"><span style=\"font-family: 'Arial','sans-serif'; color: #333333; letter-spacing: -.25pt;\">\u201cEspero que n\u00e3o venham pedir dinheiro para mim, que eu n\u00e3o sou o presidente deles\u201d, disse o presidente quando questionado, ironizando em seguida: \u201cO presidente deles est\u00e1 em Curitiba\u201d. Bolsonaro se referiu ao ex-presidente Luiz In\u00e1cio Lula da Silva, do PT, partido pr\u00f3prio ou aliado de todos os governadores do Nordeste atualmente.<\/span><\/p>\n<p style=\"line-height: 17.4pt; background: white; box-sizing: border-box; font-variant-ligatures: normal; font-variant-caps: normal; orphans: 2; text-align: start; widows: 2; -webkit-text-stroke-width: 0px; text-decoration-style: initial; text-decoration-color: initial; word-spacing: 0px;\"><span style=\"font-family: 'Arial','sans-serif'; color: #333333; letter-spacing: -.25pt;\">Bolsonaro destacou, no entanto, que n\u00e3o tem a inten\u00e7\u00e3o de \u201cdeclarar guerra\u201d aos governadores da oposi\u00e7\u00e3o para n\u00e3o atrapalhar a popula\u00e7\u00e3o. \u201cO homem mais sofrido do pa\u00eds est\u00e1 no Nordeste, exatamente por essa mentalidade desses governadores\u201d, ressaltou.<\/span><\/p>\n<p style=\"line-height: 17.4pt; background: white; box-sizing: border-box; font-variant-ligatures: normal; font-variant-caps: normal; orphans: 2; text-align: start; widows: 2; -webkit-text-stroke-width: 0px; text-decoration-style: initial; text-decoration-color: initial; word-spacing: 0px;\"><span style=\"font-family: 'Arial','sans-serif'; color: #333333; letter-spacing: -.25pt;\">Vale lembrar que o governador baiano, Rui Costa (PT), n\u00e3o foi \u00e0 posse de Bolsonaro. A sua posse, prevista inicialmente para as 11h, foi alterada para as 15h, mesmo hor\u00e1rio da cerim\u00f4nia em Bras\u00edlia.<\/span><\/p>\n","protected":false},"excerpt":{"rendered":"<p>O presidente Jair Bolsonaro (PSL) criticou os governadores do Nordeste que n\u00e3o foram a sua posse na \u00faltima ter\u00e7a-feira (03), em entrevista ao programa \u201cSBT Brasil\u201d na noite desta quinta. \u201cEspero que n\u00e3o venham pedir dinheiro para mim, que eu n\u00e3o sou o presidente deles\u201d, disse o presidente quando questionado, ironizando em seguida: \u201cO presidente [&hellip;]<\/p>\n","protected":false},"author":2,"featured_media":77471,"comment_status":"open","ping_status":"open","sticky":false,"template":"","format":"standard","meta":{"footnotes":"","_links_to":"","_links_to_target":""},"categories":[1],"tags":[],"class_list":["post-77469","post","type-post","status-publish","format-standard","has-post-thumbnail","hentry","category-geral"],"views":1358,"_links":{"self":[{"href":"https:\/\/www.sudoestehoje.com.br\/novoportal\/wp-json\/wp\/v2\/posts\/77469","targetHints":{"allow":["GET"]}}],"collection":[{"href":"https:\/\/www.sudoestehoje.com.br\/novoportal\/wp-json\/wp\/v2\/posts"}],"about":[{"href":"https:\/\/www.sudoestehoje.com.br\/novoportal\/wp-json\/wp\/v2\/types\/post"}],"author":[{"embeddable":true,"href":"https:\/\/www.sudoestehoje.com.br\/novoportal\/wp-json\/wp\/v2\/users\/2"}],"replies":[{"embeddable":true,"href":"https:\/\/www.sudoestehoje.com.br\/novoportal\/wp-json\/wp\/v2\/comments?post=77469"}],"version-history":[{"count":2,"href":"https:\/\/www.sudoestehoje.com.br\/novoportal\/wp-json\/wp\/v2\/posts\/77469\/revisions"}],"predecessor-version":[{"id":77472,"href":"https:\/\/www.sudoestehoje.com.br\/novoportal\/wp-json\/wp\/v2\/posts\/77469\/revisions\/77472"}],"wp:featuredmedia":[{"embeddable":true,"href":"https:\/\/www.sudoestehoje.com.br\/novoportal\/wp-json\/wp\/v2\/media\/77471"}],"wp:attachment":[{"href":"https:\/\/www.sudoestehoje.com.br\/novoportal\/wp-json\/wp\/v2\/media?parent=77469"}],"wp:term":[{"taxonomy":"category","embeddable":true,"href":"https:\/\/www.sudoestehoje.com.br\/novoportal\/wp-json\/wp\/v2\/categories?post=77469"},{"taxonomy":"post_tag","embeddable":true,"href":"https:\/\/www.sudoestehoje.com.br\/novoportal\/wp-json\/wp\/v2\/tags?post=77469"}],"curies":[{"name":"wp","href":"https:\/\/api.w.org\/{rel}","templated":true}]}}