
{"id":77460,"date":"2019-01-02T22:16:33","date_gmt":"2019-01-03T01:16:33","guid":{"rendered":"http:\/\/www.sudoestehoje.com.br\/novoportal\/?p=77460"},"modified":"2019-01-02T22:16:33","modified_gmt":"2019-01-03T01:16:33","slug":"feriadoes-nacionais-diminuem-em-2019-veja-lista-completa","status":"publish","type":"post","link":"https:\/\/www.sudoestehoje.com.br\/novoportal\/2019\/01\/02\/feriadoes-nacionais-diminuem-em-2019-veja-lista-completa\/","title":{"rendered":"FERIAD\u00d5ES NACIONAIS DIMINUEM EM 2019; VEJA LISTA COMPLETA"},"content":{"rendered":"<p class=\"bodytext\"><a href=\"http:\/\/www.sudoestehoje.com.br\/novoportal\/wp-content\/uploads\/2019\/01\/feriado.png\"><img loading=\"lazy\" decoding=\"async\" class=\"aligncenter  wp-image-77463\" src=\"http:\/\/www.sudoestehoje.com.br\/novoportal\/wp-content\/uploads\/2019\/01\/feriado-500x287.png\" alt=\"\" width=\"500\" height=\"287\" srcset=\"https:\/\/www.sudoestehoje.com.br\/novoportal\/wp-content\/uploads\/2019\/01\/feriado-500x287.png 500w, https:\/\/www.sudoestehoje.com.br\/novoportal\/wp-content\/uploads\/2019\/01\/feriado-700x402.png 700w, https:\/\/www.sudoestehoje.com.br\/novoportal\/wp-content\/uploads\/2019\/01\/feriado.png 749w\" sizes=\"auto, (max-width: 500px) 100vw, 500px\" \/><\/a><\/p>\n<p class=\"bodytext\">O novo ano chegou e quem estuda e trabalha j\u00e1 est\u00e1 de olho no calend\u00e1rio de 2019 para saber que feriados nacionais prolongados est\u00e3o previstos para o ano. E saiba logo: s\u00e3o menos do que em 2018, quando houve 9 feriados nacionais e 5 pontos facultativos, a maioria em sextas ou segundas. Em 2019, ser\u00e3o cinco feriad\u00f5es, incluindo Carnaval e Corpus Christi.<\/p>\n<p class=\"bodytext\"><strong>Veja os feriados nacionais previstos:<\/strong><\/p>\n<p class=\"bodytext\">1\u00ba de janeiro (ter\u00e7a-feira): Ano Novo.<\/p>\n<p class=\"bodytext\">5 de mar\u00e7o (ter\u00e7a): Carnaval \u2014 a segunda-feira, 4 de mar\u00e7o, \u00e9 ponto facultativo, bem como a quarta-feira de Cinzas (ponto facultativo at\u00e9 as 14h).<\/p>\n<p class=\"bodytext\">19 de abril: Sexta-feira Santa.<\/p>\n<p class=\"bodytext\">21 de abril (Domingo): P\u00e1scoa e Tiradentes.<\/p>\n<p class=\"bodytext\">1\u00ba de maio (quarta-feira): Dia Mundial do Trabalho.<\/p>\n<p class=\"bodytext\">7 de setembro (s\u00e1bado): Independ\u00eancia do Brasil.<\/p>\n<p class=\"bodytext\">12 de outubro (s\u00e1bado): Nossa Senhora Aparecida.<\/p>\n<p class=\"bodytext\">2 de novembro (s\u00e1bado): Finados.<\/p>\n<p class=\"bodytext\">15 de novembro (sexta-feira): Proclama\u00e7\u00e3o da Rep\u00fablica.<\/p>\n<p class=\"bodytext\">25 de dezembro (quarta-feira): Natal.<\/p>\n<p class=\"bodytext\"><strong>Pontos facultativos<\/strong><\/p>\n<p class=\"bodytext\">4 de mar\u00e7o: segunda-feira de Carnaval \u00e9 ponto facultativo.<\/p>\n<p class=\"bodytext\">6 de mar\u00e7o: quarta-feira de Cinzas \u00e9 ponto facultativo at\u00e9 as 14h.<\/p>\n<p class=\"bodytext\">20 de junho (quinta-feira): Corpus Christi, embora seja feriado em v\u00e1rias cidades brasileiras.<\/p>\n<p class=\"bodytext\">28 de outubro (segunda-feira): Dia do Servidor P\u00fablico.<\/p>\n","protected":false},"excerpt":{"rendered":"<p>O novo ano chegou e quem estuda e trabalha j\u00e1 est\u00e1 de olho no calend\u00e1rio de 2019 para saber que feriados nacionais prolongados est\u00e3o previstos para o ano. E saiba logo: s\u00e3o menos do que em 2018, quando houve 9 feriados nacionais e 5 pontos facultativos, a maioria em sextas ou segundas. Em 2019, ser\u00e3o [&hellip;]<\/p>\n","protected":false},"author":2,"featured_media":77463,"comment_status":"open","ping_status":"open","sticky":false,"template":"","format":"standard","meta":{"footnotes":"","_links_to":"","_links_to_target":""},"categories":[1],"tags":[],"class_list":["post-77460","post","type-post","status-publish","format-standard","has-post-thumbnail","hentry","category-geral"],"views":1048,"_links":{"self":[{"href":"https:\/\/www.sudoestehoje.com.br\/novoportal\/wp-json\/wp\/v2\/posts\/77460","targetHints":{"allow":["GET"]}}],"collection":[{"href":"https:\/\/www.sudoestehoje.com.br\/novoportal\/wp-json\/wp\/v2\/posts"}],"about":[{"href":"https:\/\/www.sudoestehoje.com.br\/novoportal\/wp-json\/wp\/v2\/types\/post"}],"author":[{"embeddable":true,"href":"https:\/\/www.sudoestehoje.com.br\/novoportal\/wp-json\/wp\/v2\/users\/2"}],"replies":[{"embeddable":true,"href":"https:\/\/www.sudoestehoje.com.br\/novoportal\/wp-json\/wp\/v2\/comments?post=77460"}],"version-history":[{"count":3,"href":"https:\/\/www.sudoestehoje.com.br\/novoportal\/wp-json\/wp\/v2\/posts\/77460\/revisions"}],"predecessor-version":[{"id":77464,"href":"https:\/\/www.sudoestehoje.com.br\/novoportal\/wp-json\/wp\/v2\/posts\/77460\/revisions\/77464"}],"wp:featuredmedia":[{"embeddable":true,"href":"https:\/\/www.sudoestehoje.com.br\/novoportal\/wp-json\/wp\/v2\/media\/77463"}],"wp:attachment":[{"href":"https:\/\/www.sudoestehoje.com.br\/novoportal\/wp-json\/wp\/v2\/media?parent=77460"}],"wp:term":[{"taxonomy":"category","embeddable":true,"href":"https:\/\/www.sudoestehoje.com.br\/novoportal\/wp-json\/wp\/v2\/categories?post=77460"},{"taxonomy":"post_tag","embeddable":true,"href":"https:\/\/www.sudoestehoje.com.br\/novoportal\/wp-json\/wp\/v2\/tags?post=77460"}],"curies":[{"name":"wp","href":"https:\/\/api.w.org\/{rel}","templated":true}]}}