
{"id":77456,"date":"2019-01-02T12:32:51","date_gmt":"2019-01-02T15:32:51","guid":{"rendered":"http:\/\/www.sudoestehoje.com.br\/novoportal\/?p=77456"},"modified":"2019-01-02T18:33:16","modified_gmt":"2019-01-02T21:33:16","slug":"itapetinga-secretaria-de-educacao-quita-2a-parcela-do-13o-dos-professores","status":"publish","type":"post","link":"https:\/\/www.sudoestehoje.com.br\/novoportal\/2019\/01\/02\/itapetinga-secretaria-de-educacao-quita-2a-parcela-do-13o-dos-professores\/","title":{"rendered":"ITAPETINGA: SECRETARIA DE EDUCA\u00c7\u00c3O QUITA 2\u00aa PARCELA DO 13\u00ba DOS PROFESSORES"},"content":{"rendered":"<p><a href=\"http:\/\/www.sudoestehoje.com.br\/novoportal\/wp-content\/uploads\/2019\/01\/GERALDO-E-RODRIGO.jpg\"><img loading=\"lazy\" decoding=\"async\" class=\"aligncenter wp-image-77458\" src=\"http:\/\/www.sudoestehoje.com.br\/novoportal\/wp-content\/uploads\/2019\/01\/GERALDO-E-RODRIGO.jpg\" alt=\"\" width=\"498\" height=\"300\" \/><\/a><\/p>\n<p>Ap\u00f3s dias de muito trabalho na busca pela equaliza\u00e7\u00e3o das contas, a Secretaria de Educa\u00e7\u00e3o realizou, nesta quarta-feira, 02, o pagamento da segunda metade de 13\u00ba dos professores \u2013 atrasado em pouco mais de 10 dias.<\/p>\n<p>Como j\u00e1 havia explicado anteriormente, todos os funcion\u00e1rios do setor que s\u00e3o remunerados por recursos pr\u00f3prios do munic\u00edpio receberam seus proventos em dia, restando apenas a efetua\u00e7\u00e3o daqueles pagamentos feitos atrav\u00e9s de verbas do FUNDEB. O Fundo de Manuten\u00e7\u00e3o e Desenvolvimento da Educa\u00e7\u00e3o B\u00e1sica \u2013 FUNDEB &#8211; vem sofrendo redu\u00e7\u00f5es dr\u00e1sticas e prejudicando as a\u00e7\u00f5es na \u00e1rea.<\/p>\n<p>Em Itapetinga, a verba, muitas vezes, sequer cobre os custos da folha salarial. Pensando ainda na situa\u00e7\u00e3o na qual foi encontrada a estrutura educacional em Itapetinga (com quase todas as escolas precisando de grandes reformas, com mobili\u00e1rio prec\u00e1rio e necessitando de interven\u00e7\u00f5es imediatas), os recursos ficam cada vez mais insuficientes.<\/p>\n<p>A Secretaria, no entanto, refor\u00e7a o seu respeito ao servidor da educa\u00e7\u00e3o pagando aos professores efetivos com carga hor\u00e1ria de 40 horas semanais valores acima da maioria das cidades da Bahia, chegando, em seu valor bruto, a aproximadamente R$ 6 mil por m\u00eas. Al\u00e9m disso, a prefeitura concedeu, no \u00faltimo ano, reajuste de 6,81% aos docentes e ofereceu, em conv\u00eanio com a UESB, curso de mestrado aos professores da rede municipal.<\/p>\n<p>A Prefeitura mant\u00e9m firme o prop\u00f3sito de fazer de Itapetinga uma cidade educadora, exemplo em qualidade de educa\u00e7\u00e3o, investindo em forma\u00e7\u00e3o, estrutura e tudo mais que possa beneficiar os estudantes itapetinguenses. A contar pelos resultados obtidos nestes \u00faltimos dois anos, a prefeitura se orgulha do que j\u00e1 foi feito, apesar das limita\u00e7\u00f5es financeiras. <strong><em>\/\/Ascom<\/em><\/strong><\/p>\n","protected":false},"excerpt":{"rendered":"<p>Ap\u00f3s dias de muito trabalho na busca pela equaliza\u00e7\u00e3o das contas, a Secretaria de Educa\u00e7\u00e3o realizou, nesta quarta-feira, 02, o pagamento da segunda metade de 13\u00ba dos professores \u2013 atrasado em pouco mais de 10 dias. Como j\u00e1 havia explicado anteriormente, todos os funcion\u00e1rios do setor que s\u00e3o remunerados por recursos pr\u00f3prios do munic\u00edpio receberam [&hellip;]<\/p>\n","protected":false},"author":2,"featured_media":77458,"comment_status":"open","ping_status":"open","sticky":false,"template":"","format":"standard","meta":{"footnotes":"","_links_to":"","_links_to_target":""},"categories":[1],"tags":[],"class_list":["post-77456","post","type-post","status-publish","format-standard","has-post-thumbnail","hentry","category-geral"],"views":1258,"_links":{"self":[{"href":"https:\/\/www.sudoestehoje.com.br\/novoportal\/wp-json\/wp\/v2\/posts\/77456","targetHints":{"allow":["GET"]}}],"collection":[{"href":"https:\/\/www.sudoestehoje.com.br\/novoportal\/wp-json\/wp\/v2\/posts"}],"about":[{"href":"https:\/\/www.sudoestehoje.com.br\/novoportal\/wp-json\/wp\/v2\/types\/post"}],"author":[{"embeddable":true,"href":"https:\/\/www.sudoestehoje.com.br\/novoportal\/wp-json\/wp\/v2\/users\/2"}],"replies":[{"embeddable":true,"href":"https:\/\/www.sudoestehoje.com.br\/novoportal\/wp-json\/wp\/v2\/comments?post=77456"}],"version-history":[{"count":2,"href":"https:\/\/www.sudoestehoje.com.br\/novoportal\/wp-json\/wp\/v2\/posts\/77456\/revisions"}],"predecessor-version":[{"id":77459,"href":"https:\/\/www.sudoestehoje.com.br\/novoportal\/wp-json\/wp\/v2\/posts\/77456\/revisions\/77459"}],"wp:featuredmedia":[{"embeddable":true,"href":"https:\/\/www.sudoestehoje.com.br\/novoportal\/wp-json\/wp\/v2\/media\/77458"}],"wp:attachment":[{"href":"https:\/\/www.sudoestehoje.com.br\/novoportal\/wp-json\/wp\/v2\/media?parent=77456"}],"wp:term":[{"taxonomy":"category","embeddable":true,"href":"https:\/\/www.sudoestehoje.com.br\/novoportal\/wp-json\/wp\/v2\/categories?post=77456"},{"taxonomy":"post_tag","embeddable":true,"href":"https:\/\/www.sudoestehoje.com.br\/novoportal\/wp-json\/wp\/v2\/tags?post=77456"}],"curies":[{"name":"wp","href":"https:\/\/api.w.org\/{rel}","templated":true}]}}