
{"id":77399,"date":"2018-12-30T01:04:20","date_gmt":"2018-12-30T04:04:20","guid":{"rendered":"http:\/\/www.sudoestehoje.com.br\/novoportal\/?p=77399"},"modified":"2018-12-30T01:26:19","modified_gmt":"2018-12-30T04:26:19","slug":"transmissao-de-cargos-na-camara-de-vereadores-sera-nesta-quarta","status":"publish","type":"post","link":"https:\/\/www.sudoestehoje.com.br\/novoportal\/2018\/12\/30\/transmissao-de-cargos-na-camara-de-vereadores-sera-nesta-quarta\/","title":{"rendered":"TRANSMISS\u00c3O DE CARGOS NA C\u00c2MARA DE VEREADORES SER\u00c1 NESTA QUARTA"},"content":{"rendered":"<div id=\"parent-fieldname-description\" class=\"documentDescription\"><a href=\"http:\/\/www.sudoestehoje.com.br\/novoportal\/wp-content\/uploads\/2018\/12\/CAMARA-VEREADORES-ITAPETINGA.jpg\"><img loading=\"lazy\" decoding=\"async\" class=\"aligncenter wp-image-77400\" src=\"http:\/\/www.sudoestehoje.com.br\/novoportal\/wp-content\/uploads\/2018\/12\/CAMARA-VEREADORES-ITAPETINGA.jpg\" alt=\"\" width=\"501\" height=\"295\" \/><\/a><\/div>\n<div id=\"viewlet-above-content-body\"><\/div>\n<div id=\"content-core\">\n<div class=\"newsImageContainer\">A C\u00e2mara Municipal de Itapetinga convida autoridades locais, organiza\u00e7\u00f5es da sociedade civil, imprensa e a popula\u00e7\u00e3o em geral para a solenidade de transmiss\u00e3o de cargos da Mesa Diretora da Casa Legislativa, que acontecer\u00e1 na quarta-feira (2 de janeiro), \u00e0s 10 horas, no Plen\u00e1rio Ulysses Guimar\u00e3es.<\/div>\n<div id=\"parent-fieldname-text\" class=\"plain\">\n<p>Eleita no \u00faltimo dia 21, para exercer mandato de 2019 a 2020, a nova Mesa Diretora da C\u00e2mara \u00e9 composta pela vereadora Naara Duarte (presidenta) e pelos vereadores Sargento Alberto (vice-presidente), Nailton Negreiro (primeiro-secret\u00e1rio), Anderson da Nova (segundo-secret\u00e1rio) e Jo\u00e3o de Deus (terceiro-secret\u00e1rio). Conforme determina o Regimento Interno da Casa, os eleitos foram empossados imediatamente ap\u00f3s a elei\u00e7\u00e3o, para vig\u00eancia do bi\u00eanio seguinte, a partir do primeiro dia do ano.<\/p>\n<\/div>\n<\/div>\n","protected":false},"excerpt":{"rendered":"<p>A C\u00e2mara Municipal de Itapetinga convida autoridades locais, organiza\u00e7\u00f5es da sociedade civil, imprensa e a popula\u00e7\u00e3o em geral para a solenidade de transmiss\u00e3o de cargos da Mesa Diretora da Casa Legislativa, que acontecer\u00e1 na quarta-feira (2 de janeiro), \u00e0s 10 horas, no Plen\u00e1rio Ulysses Guimar\u00e3es. Eleita no \u00faltimo dia 21, para exercer mandato de 2019 [&hellip;]<\/p>\n","protected":false},"author":2,"featured_media":77400,"comment_status":"open","ping_status":"open","sticky":false,"template":"","format":"standard","meta":{"footnotes":"","_links_to":"","_links_to_target":""},"categories":[1],"tags":[],"class_list":["post-77399","post","type-post","status-publish","format-standard","has-post-thumbnail","hentry","category-geral"],"views":1151,"_links":{"self":[{"href":"https:\/\/www.sudoestehoje.com.br\/novoportal\/wp-json\/wp\/v2\/posts\/77399","targetHints":{"allow":["GET"]}}],"collection":[{"href":"https:\/\/www.sudoestehoje.com.br\/novoportal\/wp-json\/wp\/v2\/posts"}],"about":[{"href":"https:\/\/www.sudoestehoje.com.br\/novoportal\/wp-json\/wp\/v2\/types\/post"}],"author":[{"embeddable":true,"href":"https:\/\/www.sudoestehoje.com.br\/novoportal\/wp-json\/wp\/v2\/users\/2"}],"replies":[{"embeddable":true,"href":"https:\/\/www.sudoestehoje.com.br\/novoportal\/wp-json\/wp\/v2\/comments?post=77399"}],"version-history":[{"count":1,"href":"https:\/\/www.sudoestehoje.com.br\/novoportal\/wp-json\/wp\/v2\/posts\/77399\/revisions"}],"predecessor-version":[{"id":77401,"href":"https:\/\/www.sudoestehoje.com.br\/novoportal\/wp-json\/wp\/v2\/posts\/77399\/revisions\/77401"}],"wp:featuredmedia":[{"embeddable":true,"href":"https:\/\/www.sudoestehoje.com.br\/novoportal\/wp-json\/wp\/v2\/media\/77400"}],"wp:attachment":[{"href":"https:\/\/www.sudoestehoje.com.br\/novoportal\/wp-json\/wp\/v2\/media?parent=77399"}],"wp:term":[{"taxonomy":"category","embeddable":true,"href":"https:\/\/www.sudoestehoje.com.br\/novoportal\/wp-json\/wp\/v2\/categories?post=77399"},{"taxonomy":"post_tag","embeddable":true,"href":"https:\/\/www.sudoestehoje.com.br\/novoportal\/wp-json\/wp\/v2\/tags?post=77399"}],"curies":[{"name":"wp","href":"https:\/\/api.w.org\/{rel}","templated":true}]}}