
{"id":77371,"date":"2018-12-28T19:59:30","date_gmt":"2018-12-28T22:59:30","guid":{"rendered":"http:\/\/www.sudoestehoje.com.br\/novoportal\/?p=77371"},"modified":"2018-12-28T22:44:13","modified_gmt":"2018-12-29T01:44:13","slug":"urgente-juistica-nega-pedido-de-anulacao-da-eleicao-da-camara-de-vereadores","status":"publish","type":"post","link":"https:\/\/www.sudoestehoje.com.br\/novoportal\/2018\/12\/28\/urgente-juistica-nega-pedido-de-anulacao-da-eleicao-da-camara-de-vereadores\/","title":{"rendered":"URGENTE: JUSTI\u00c7A NEGA PEDIDO DE ANULA\u00c7\u00c3O DA ELEI\u00c7\u00c3O DA C\u00c2MARA DE VEREADORES"},"content":{"rendered":"<div id=\"attachment_77375\" style=\"width: 510px\" class=\"wp-caption aligncenter\"><a href=\"http:\/\/www.sudoestehoje.com.br\/novoportal\/wp-content\/uploads\/2018\/12\/mesa-camara-1-500x281-1.jpg\"><img loading=\"lazy\" decoding=\"async\" aria-describedby=\"caption-attachment-77375\" class=\"size-medium wp-image-77375\" src=\"http:\/\/www.sudoestehoje.com.br\/novoportal\/wp-content\/uploads\/2018\/12\/mesa-camara-1-500x281-1-500x281.jpg\" alt=\"\" width=\"500\" height=\"281\" \/><\/a><p id=\"caption-attachment-77375\" class=\"wp-caption-text\"><strong><em>NOVA MESA DIRETORA ELEITA EST\u00c1 MANTIDA PELA JUSTI\u00c7A<\/em><\/strong><\/p><\/div>\n<p>Em decis\u00e3o proferida nesta sexta-feira (28), o juiz plantonista da Vara da Fazenda P\u00fablica de Itapetinga, Dr. Luiz S\u00e9rgio dos Santos Vieira, negou o pedido de liminar requerido pelos vereadores do grupo de oposi\u00e7\u00e3o liderado por Romildo Teixeira, para anular a elei\u00e7\u00e3o da nova Mesa Diretora da C\u00e2mara de Vereadores de Itapetinga.<\/p>\n<p>Na decis\u00e3o, o magistrado entendeu que a a\u00e7\u00e3o proposta n\u00e3o continha os requisitos exigidos em lei e indeferiu o pedido do grupo derrotado na elei\u00e7\u00e3o realizada no \u00faltimo dia 21 de dezembro, que elegeu como presidente da c\u00e2mara a vereadora Naara Duarte.<\/p>\n<p>Entendeu tamb\u00e9m o magistrado que o fato de constar na chapa vencedora a figura da 3\u00aa Secretaria n\u00e3o macula a elei\u00e7\u00e3o da chapa vencedora por absoluta maioria, at\u00e9 porque o 3\u00ba secret\u00e1rio tem apenas a fun\u00e7\u00e3o de substituir o 2\u00ba, quando da sua aus\u00eancia, o que pode ser feito tamb\u00e9m por qualquer vereador, conforme prev\u00ea o Regimento Interno da C\u00e2mara.<\/p>\n<p>Assim, a elei\u00e7\u00e3o da nova Mesa Diretora ficou mantida, permanecendo no comando da C\u00e2mara os vereadores legitimamente eleitos, Naara Duarte, Sargento Alberto, Nailton Negreiro, Anderson da Nova e Jo\u00e3o de Deus.<strong> <em>Veja decis\u00e3o completa:<\/em><\/strong><\/p>\n<p><a href=\"http:\/\/www.sudoestehoje.com.br\/novoportal\/wp-content\/uploads\/2018\/12\/decis\u00e3o-2.jpg\"><img loading=\"lazy\" decoding=\"async\" class=\"aligncenter  wp-image-77381\" src=\"http:\/\/www.sudoestehoje.com.br\/novoportal\/wp-content\/uploads\/2018\/12\/decis\u00e3o-2-493x700.jpg\" alt=\"\" width=\"500\" height=\"710\" srcset=\"https:\/\/www.sudoestehoje.com.br\/novoportal\/wp-content\/uploads\/2018\/12\/decis\u00e3o-2-493x700.jpg 493w, https:\/\/www.sudoestehoje.com.br\/novoportal\/wp-content\/uploads\/2018\/12\/decis\u00e3o-2.jpg 584w\" sizes=\"auto, (max-width: 500px) 100vw, 500px\" \/><\/a><\/p>\n<p><a href=\"http:\/\/www.sudoestehoje.com.br\/novoportal\/wp-content\/uploads\/2018\/12\/decis\u00e3o-3.jpg\"><img loading=\"lazy\" decoding=\"async\" class=\"aligncenter  wp-image-77382\" src=\"http:\/\/www.sudoestehoje.com.br\/novoportal\/wp-content\/uploads\/2018\/12\/decis\u00e3o-3-483x700.jpg\" alt=\"\" width=\"500\" height=\"725\" srcset=\"https:\/\/www.sudoestehoje.com.br\/novoportal\/wp-content\/uploads\/2018\/12\/decis\u00e3o-3-483x700.jpg 483w, https:\/\/www.sudoestehoje.com.br\/novoportal\/wp-content\/uploads\/2018\/12\/decis\u00e3o-3.jpg 584w\" sizes=\"auto, (max-width: 500px) 100vw, 500px\" \/><\/a><\/p>\n<p><a href=\"http:\/\/www.sudoestehoje.com.br\/novoportal\/wp-content\/uploads\/2018\/12\/decis\u00e3o.jpg\"><img loading=\"lazy\" decoding=\"async\" class=\"aligncenter size-medium wp-image-77372\" src=\"http:\/\/www.sudoestehoje.com.br\/novoportal\/wp-content\/uploads\/2018\/12\/decis\u00e3o-500x447.jpg\" alt=\"\" width=\"500\" height=\"447\" srcset=\"https:\/\/www.sudoestehoje.com.br\/novoportal\/wp-content\/uploads\/2018\/12\/decis\u00e3o-500x447.jpg 500w, https:\/\/www.sudoestehoje.com.br\/novoportal\/wp-content\/uploads\/2018\/12\/decis\u00e3o.jpg 584w\" sizes=\"auto, (max-width: 500px) 100vw, 500px\" \/><\/a><\/p>\n","protected":false},"excerpt":{"rendered":"<p>Em decis\u00e3o proferida nesta sexta-feira (28), o juiz plantonista da Vara da Fazenda P\u00fablica de Itapetinga, Dr. Luiz S\u00e9rgio dos Santos Vieira, negou o pedido de liminar requerido pelos vereadores do grupo de oposi\u00e7\u00e3o liderado por Romildo Teixeira, para anular a elei\u00e7\u00e3o da nova Mesa Diretora da C\u00e2mara de Vereadores de Itapetinga. Na decis\u00e3o, o [&hellip;]<\/p>\n","protected":false},"author":2,"featured_media":77375,"comment_status":"open","ping_status":"open","sticky":false,"template":"","format":"standard","meta":{"footnotes":"","_links_to":"","_links_to_target":""},"categories":[1],"tags":[],"class_list":["post-77371","post","type-post","status-publish","format-standard","has-post-thumbnail","hentry","category-geral"],"views":1765,"_links":{"self":[{"href":"https:\/\/www.sudoestehoje.com.br\/novoportal\/wp-json\/wp\/v2\/posts\/77371","targetHints":{"allow":["GET"]}}],"collection":[{"href":"https:\/\/www.sudoestehoje.com.br\/novoportal\/wp-json\/wp\/v2\/posts"}],"about":[{"href":"https:\/\/www.sudoestehoje.com.br\/novoportal\/wp-json\/wp\/v2\/types\/post"}],"author":[{"embeddable":true,"href":"https:\/\/www.sudoestehoje.com.br\/novoportal\/wp-json\/wp\/v2\/users\/2"}],"replies":[{"embeddable":true,"href":"https:\/\/www.sudoestehoje.com.br\/novoportal\/wp-json\/wp\/v2\/comments?post=77371"}],"version-history":[{"count":8,"href":"https:\/\/www.sudoestehoje.com.br\/novoportal\/wp-json\/wp\/v2\/posts\/77371\/revisions"}],"predecessor-version":[{"id":77385,"href":"https:\/\/www.sudoestehoje.com.br\/novoportal\/wp-json\/wp\/v2\/posts\/77371\/revisions\/77385"}],"wp:featuredmedia":[{"embeddable":true,"href":"https:\/\/www.sudoestehoje.com.br\/novoportal\/wp-json\/wp\/v2\/media\/77375"}],"wp:attachment":[{"href":"https:\/\/www.sudoestehoje.com.br\/novoportal\/wp-json\/wp\/v2\/media?parent=77371"}],"wp:term":[{"taxonomy":"category","embeddable":true,"href":"https:\/\/www.sudoestehoje.com.br\/novoportal\/wp-json\/wp\/v2\/categories?post=77371"},{"taxonomy":"post_tag","embeddable":true,"href":"https:\/\/www.sudoestehoje.com.br\/novoportal\/wp-json\/wp\/v2\/tags?post=77371"}],"curies":[{"name":"wp","href":"https:\/\/api.w.org\/{rel}","templated":true}]}}