
{"id":77368,"date":"2018-12-28T19:48:51","date_gmt":"2018-12-28T22:48:51","guid":{"rendered":"http:\/\/www.sudoestehoje.com.br\/novoportal\/?p=77368"},"modified":"2018-12-28T19:58:07","modified_gmt":"2018-12-28T22:58:07","slug":"inspetoria-fiscal-da-sefaz-em-itapetinga-pode-ser-desativada-a-partir-de-janeiro","status":"publish","type":"post","link":"https:\/\/www.sudoestehoje.com.br\/novoportal\/2018\/12\/28\/inspetoria-fiscal-da-sefaz-em-itapetinga-pode-ser-desativada-a-partir-de-janeiro\/","title":{"rendered":"INSPETORIA FISCAL DA SEFAZ EM ITAPETINGA SER\u00c1 DESATIVADA EM JANEIRO, DIZEM FAZEND\u00c1RIOS"},"content":{"rendered":"<p><a href=\"http:\/\/www.sudoestehoje.com.br\/novoportal\/wp-content\/uploads\/2018\/12\/INSPETORIA-ITAPETINGA.jpg\"><img loading=\"lazy\" decoding=\"async\" class=\"aligncenter size-medium wp-image-77386\" src=\"http:\/\/www.sudoestehoje.com.br\/novoportal\/wp-content\/uploads\/2018\/12\/INSPETORIA-ITAPETINGA-500x256.jpg\" alt=\"\" width=\"500\" height=\"256\" srcset=\"https:\/\/www.sudoestehoje.com.br\/novoportal\/wp-content\/uploads\/2018\/12\/INSPETORIA-ITAPETINGA-500x256.jpg 500w, https:\/\/www.sudoestehoje.com.br\/novoportal\/wp-content\/uploads\/2018\/12\/INSPETORIA-ITAPETINGA-768x393.jpg 768w, https:\/\/www.sudoestehoje.com.br\/novoportal\/wp-content\/uploads\/2018\/12\/INSPETORIA-ITAPETINGA-700x358.jpg 700w, https:\/\/www.sudoestehoje.com.br\/novoportal\/wp-content\/uploads\/2018\/12\/INSPETORIA-ITAPETINGA.jpg 960w\" sizes=\"auto, (max-width: 500px) 100vw, 500px\" \/><\/a><\/p>\n<p>Na manh\u00e3 desta seta-feira (28), o editor deste blog recebeu informa\u00e7\u00e3o fidedigna de que a Inspetoria Fiscal de Itapetinga, \u00f3rg\u00e3o ligado \u00e0 Secretaria Estadual de Fazenda, dever\u00e1 ser desativada definitivamente a partir de janeiro pr\u00f3ximo, por determina\u00e7\u00e3o do Secret\u00e1rio Estadual da Fazenda.<\/p>\n<p>Nos \u00faltimos anos, a SEFAZ vem diminuindo a sua estrutura em todo o estado, reduzindo o n\u00famero de servidores e fechando postos fiscais localizados nas rodovias estaduais.<\/p>\n<p>Segundo apurou o Sudoeste Hoje, a Inspetoria Fiscal de Itapetinga j\u00e1 vem operando com um contingente bem reduzido de servidores nos \u00faltimos anos e a sua sede localizada no munic\u00edpio est\u00e1 praticamente vazia.<\/p>\n<p>A desativa\u00e7\u00e3o de \u00f3rg\u00e3os p\u00fablicos regionais da estrutura do estado faz parte do governo Rui Costa (PT), que tenta reduzir despesas a qualquer custo, dificultando a vida dos cidad\u00e3os e massacrando os servidores p\u00fablicos estaduais.<\/p>\n<p>Com a desativa\u00e7\u00e3o da Inspetoria Fiscal em Itapetinga, os servi\u00e7os passam a ser prestados pela Inspetoria Regional de Vit\u00f3ria da Conquista.<\/p>\n<p><strong><em>Por Davi Ferraz<\/em><\/strong><\/p>\n","protected":false},"excerpt":{"rendered":"<p>Na manh\u00e3 desta seta-feira (28), o editor deste blog recebeu informa\u00e7\u00e3o fidedigna de que a Inspetoria Fiscal de Itapetinga, \u00f3rg\u00e3o ligado \u00e0 Secretaria Estadual de Fazenda, dever\u00e1 ser desativada definitivamente a partir de janeiro pr\u00f3ximo, por determina\u00e7\u00e3o do Secret\u00e1rio Estadual da Fazenda. Nos \u00faltimos anos, a SEFAZ vem diminuindo a sua estrutura em todo o [&hellip;]<\/p>\n","protected":false},"author":2,"featured_media":77386,"comment_status":"open","ping_status":"open","sticky":false,"template":"","format":"standard","meta":{"footnotes":"","_links_to":"","_links_to_target":""},"categories":[14,1],"tags":[],"class_list":["post-77368","post","type-post","status-publish","format-standard","has-post-thumbnail","hentry","category-bahia","category-geral"],"views":2534,"_links":{"self":[{"href":"https:\/\/www.sudoestehoje.com.br\/novoportal\/wp-json\/wp\/v2\/posts\/77368","targetHints":{"allow":["GET"]}}],"collection":[{"href":"https:\/\/www.sudoestehoje.com.br\/novoportal\/wp-json\/wp\/v2\/posts"}],"about":[{"href":"https:\/\/www.sudoestehoje.com.br\/novoportal\/wp-json\/wp\/v2\/types\/post"}],"author":[{"embeddable":true,"href":"https:\/\/www.sudoestehoje.com.br\/novoportal\/wp-json\/wp\/v2\/users\/2"}],"replies":[{"embeddable":true,"href":"https:\/\/www.sudoestehoje.com.br\/novoportal\/wp-json\/wp\/v2\/comments?post=77368"}],"version-history":[{"count":5,"href":"https:\/\/www.sudoestehoje.com.br\/novoportal\/wp-json\/wp\/v2\/posts\/77368\/revisions"}],"predecessor-version":[{"id":77390,"href":"https:\/\/www.sudoestehoje.com.br\/novoportal\/wp-json\/wp\/v2\/posts\/77368\/revisions\/77390"}],"wp:featuredmedia":[{"embeddable":true,"href":"https:\/\/www.sudoestehoje.com.br\/novoportal\/wp-json\/wp\/v2\/media\/77386"}],"wp:attachment":[{"href":"https:\/\/www.sudoestehoje.com.br\/novoportal\/wp-json\/wp\/v2\/media?parent=77368"}],"wp:term":[{"taxonomy":"category","embeddable":true,"href":"https:\/\/www.sudoestehoje.com.br\/novoportal\/wp-json\/wp\/v2\/categories?post=77368"},{"taxonomy":"post_tag","embeddable":true,"href":"https:\/\/www.sudoestehoje.com.br\/novoportal\/wp-json\/wp\/v2\/tags?post=77368"}],"curies":[{"name":"wp","href":"https:\/\/api.w.org\/{rel}","templated":true}]}}