
{"id":773,"date":"2010-10-02T10:41:13","date_gmt":"2010-10-02T13:41:13","guid":{"rendered":"http:\/\/sudoestehoje.tempsite.ws\/novoportal\/?p=773"},"modified":"2010-10-02T10:46:35","modified_gmt":"2010-10-02T13:46:35","slug":"eleicoes-marcos-espinheira-confia-em-uma-grande-vitoria-neste-domingo","status":"publish","type":"post","link":"https:\/\/www.sudoestehoje.com.br\/novoportal\/2010\/10\/02\/eleicoes-marcos-espinheira-confia-em-uma-grande-vitoria-neste-domingo\/","title":{"rendered":"Elei\u00e7\u00f5es: Marcos Espinheira confia em uma grande vit\u00f3ria neste domingo"},"content":{"rendered":"<div>\n<p style=\"text-align: center;\"><a rel=\"attachment wp-att-778\" href=\"http:\/\/sudoestehoje.tempsite.ws\/novoportal\/2010\/10\/02\/eleicoes-marcos-espinheira-confia-em-uma-grande-vitoria-neste-domingo\/100_3429-2\/\"><img loading=\"lazy\" decoding=\"async\" class=\"size-medium wp-image-778  aligncenter\" title=\"100_3429\" src=\"http:\/\/sudoestehoje.tempsite.ws\/novoportal\/wp-content\/uploads\/2010\/10\/100_34291-500x375.jpg\" alt=\"\" width=\"500\" height=\"375\" srcset=\"https:\/\/www.sudoestehoje.com.br\/novoportal\/wp-content\/uploads\/2010\/10\/100_34291-500x375.jpg 500w, https:\/\/www.sudoestehoje.com.br\/novoportal\/wp-content\/uploads\/2010\/10\/100_34291-1024x768.jpg 1024w\" sizes=\"auto, (max-width: 500px) 100vw, 500px\" \/><\/a><\/p>\n<p style=\"text-align: center;\"><strong>Marcos Espinheira, ao lado de Marina Silva, Bassuma e Edson Duarte<\/strong><\/p>\n<p>\u00a0<\/p>\n<p>Atrav\u00e9s de contato por telefone com a nossa reda\u00e7\u00e3o, o candidato a deputado federal Marcos Espinheira (PV) \u00a0falou sobre as suas expectativas quanto ao resultado das urnas, neste domingo:<\/p>\n<\/div>\n<div><em>&#8220;Itabuna\/Ilh\u00e9us, Itapetinga\/Itamb\u00e9\/Itoror\u00f3 e Conquista atrav\u00e9s dos respectivos eleitores s\u00e3o capazes de eleger mais de 2\u00a0 Dep. Federais s\u00f3 precisando de uma provoca\u00e7\u00e3o da relev\u00e2ncia da consci\u00eancia politica\u00a0do voto distrital na representatividade da macro regi\u00e3o do sudoeste.Exemplo: Itapetinga votando com 50% dos seus votos, considerando seus quase 42 mil eleitores\u00a0eleger\u00e1 1 Dep. Estadual e 1 Dep. Federal. As msgs motivacionais s\u00e3o in\u00fameras na forma e no conte\u00fado mas no contexto da compet\u00eancia dos candidatos\u00a0e no compromisso destes para com a popula\u00e7\u00e3o que clama por um hospital regional, escolas profissionalizantes, mais cursos universit\u00e1rios, mais industrias e servi\u00e7os, como a verticaliza\u00e7\u00e3o da pecu\u00e1ria na vis\u00e3o do agro-neg\u00f3cio e de forma mais abrangente, considerando uma unidade de curtume e suas correlacionadas pequenas e medias empresas de bolsas, bolas, sand\u00e1lias, cintos,\u00a0etc. assim como um Shopping unificando em um SAC as fun\u00e7\u00f5es administrativas do estado e do munic\u00edpio, atendendo a quase 389 mil habitantes&#8221;.<\/em>\u00a0<\/div>\n<div>\u00a0<\/div>\n<div>Questionado sobre as suas reais possibilidades de elei\u00e7\u00e3o, o candidato assim respondeu: <em>&#8220;Acredito nesta real possibilidade de apoio de toda a regi\u00e3o,\u00a0que juntamente com o universo dos meus ex alunos das Universidades Cat\u00f3lica e da Unifacs poderemos supreender com uma vota\u00e7\u00e3o expressiva \u00e0 minha candidatura&#8221;,<\/em> concluiu.<\/div>\n<div><em>\u00a0<\/em><\/div>\n<div>Marcos espinheira disse ainda que acredita na determina\u00e7\u00e3o do eleitorado de Itapetinga em votar maci\u00e7amente nos candidatos &#8216;da terra&#8217;, se apresentando como tal, por ser filho de um dos grandes l\u00edderes da pol\u00edtica local, o ex-prefeito Jos\u00e9 Vaz Espinheira, que governou Itapetinga\u00a0 por tr\u00eas mandatos.<\/div>\n<div>Davi Ferraz &#8211; Editor<\/div>\n","protected":false},"excerpt":{"rendered":"<p>Marcos Espinheira, ao lado de Marina Silva, Bassuma e Edson Duarte \u00a0 Atrav\u00e9s de contato por telefone com a nossa reda\u00e7\u00e3o, o candidato a deputado federal Marcos Espinheira (PV) \u00a0falou sobre as suas expectativas quanto ao resultado das urnas, neste domingo: &#8220;Itabuna\/Ilh\u00e9us, Itapetinga\/Itamb\u00e9\/Itoror\u00f3 e Conquista atrav\u00e9s dos respectivos eleitores s\u00e3o capazes de eleger mais de [&hellip;]<\/p>\n","protected":false},"author":2,"featured_media":0,"comment_status":"open","ping_status":"open","sticky":false,"template":"","format":"standard","meta":{"footnotes":"","_links_to":"","_links_to_target":""},"categories":[1,4],"tags":[],"class_list":["post-773","post","type-post","status-publish","format-standard","hentry","category-geral","category-politica"],"views":1229,"_links":{"self":[{"href":"https:\/\/www.sudoestehoje.com.br\/novoportal\/wp-json\/wp\/v2\/posts\/773","targetHints":{"allow":["GET"]}}],"collection":[{"href":"https:\/\/www.sudoestehoje.com.br\/novoportal\/wp-json\/wp\/v2\/posts"}],"about":[{"href":"https:\/\/www.sudoestehoje.com.br\/novoportal\/wp-json\/wp\/v2\/types\/post"}],"author":[{"embeddable":true,"href":"https:\/\/www.sudoestehoje.com.br\/novoportal\/wp-json\/wp\/v2\/users\/2"}],"replies":[{"embeddable":true,"href":"https:\/\/www.sudoestehoje.com.br\/novoportal\/wp-json\/wp\/v2\/comments?post=773"}],"version-history":[{"count":8,"href":"https:\/\/www.sudoestehoje.com.br\/novoportal\/wp-json\/wp\/v2\/posts\/773\/revisions"}],"predecessor-version":[{"id":785,"href":"https:\/\/www.sudoestehoje.com.br\/novoportal\/wp-json\/wp\/v2\/posts\/773\/revisions\/785"}],"wp:attachment":[{"href":"https:\/\/www.sudoestehoje.com.br\/novoportal\/wp-json\/wp\/v2\/media?parent=773"}],"wp:term":[{"taxonomy":"category","embeddable":true,"href":"https:\/\/www.sudoestehoje.com.br\/novoportal\/wp-json\/wp\/v2\/categories?post=773"},{"taxonomy":"post_tag","embeddable":true,"href":"https:\/\/www.sudoestehoje.com.br\/novoportal\/wp-json\/wp\/v2\/tags?post=773"}],"curies":[{"name":"wp","href":"https:\/\/api.w.org\/{rel}","templated":true}]}}