
{"id":77175,"date":"2018-12-17T21:26:29","date_gmt":"2018-12-18T00:26:29","guid":{"rendered":"http:\/\/www.sudoestehoje.com.br\/novoportal\/?p=77175"},"modified":"2018-12-17T21:26:29","modified_gmt":"2018-12-18T00:26:29","slug":"corpos-de-corretores-sao-encontrados-em-ibicui-e-itaia-assassino-ligou-informando-localizacoes","status":"publish","type":"post","link":"https:\/\/www.sudoestehoje.com.br\/novoportal\/2018\/12\/17\/corpos-de-corretores-sao-encontrados-em-ibicui-e-itaia-assassino-ligou-informando-localizacoes\/","title":{"rendered":"CORPOS DE CORRETORES S\u00c3O ENCONTRADOS EM IBICU\u00cd E ITAI\u00c1; ASSASSINO LIGOU INFORMANDO LOCALIZA\u00c7\u00d5ES"},"content":{"rendered":"<div class=\"mc-column content-text active-extra-styles active-capital-letter\" data-block-type=\"unstyled\" data-block-weight=\"52\" data-block-id=\"2\">\n<p class=\"content-text__container theme-color-primary-first-letter\" data-track-category=\"Link no Texto\" data-track-links=\"\"><a href=\"http:\/\/www.sudoestehoje.com.br\/novoportal\/wp-content\/uploads\/2018\/12\/saporeca-e-andinho.jpg\"><img loading=\"lazy\" decoding=\"async\" class=\"aligncenter size-medium wp-image-77176\" src=\"http:\/\/www.sudoestehoje.com.br\/novoportal\/wp-content\/uploads\/2018\/12\/saporeca-e-andinho-500x301.jpg\" alt=\"\" width=\"500\" height=\"301\" \/><\/a><\/p>\n<p class=\"content-text__container theme-color-primary-first-letter\" data-track-category=\"Link no Texto\" data-track-links=\"\">Os\u00a0corpos de Neilton Santos de Andrade e Anderson Junior Assis Souza\u00a0foram encontrados pela pol\u00edcia ap\u00f3s o suspeito ligar para as delegacias de Itaju\u00edpe e Ibicu\u00ed, confessar o crime e informar os locais onde eles estavam escondidos. O contato do suspeito com a pol\u00edcia foi feito na tarde desta segunda-feira (17).<\/p>\n<\/div>\n<div class=\"wall protected-content\">\n<div class=\"mc-column content-text active-extra-styles \" data-block-type=\"unstyled\" data-block-weight=\"19\" data-block-id=\"3\">\n<p class=\"content-text__container \" data-track-category=\"Link no Texto\" data-track-links=\"\">As v\u00edtimas estavam desaparecidas desde a \u00faltima sexta-feira (14), ap\u00f3s venderem um carro e receberem o pagamento da comercializa\u00e7\u00e3o.<\/p>\n<\/div>\n<div class=\"mc-column content-text active-extra-styles \" data-block-type=\"unstyled\" data-block-weight=\"50\" data-block-id=\"4\">\n<p class=\"content-text__container \" data-track-category=\"Link no Texto\" data-track-links=\"\">De acordo com a Pol\u00edcia Civil, o suspeito identificado como Jos\u00e9 Carlos Viana Alencar J\u00fanior, conhecido como Nininho, informou que um dos corpos estava enterrado na zona rural de Ibicu\u00ed e o outro estava carbonizado no distrito de Itai\u00e1, no munic\u00edpio de Firmino Alves ambas na regi\u00e3o sul do estado.<\/p>\n<p class=\"content-text__container \" data-track-category=\"Link no Texto\" data-track-links=\"\"><a href=\"http:\/\/www.sudoestehoje.com.br\/novoportal\/wp-content\/uploads\/2018\/12\/corpo-e1545087402607.jpg\"><img loading=\"lazy\" decoding=\"async\" class=\"aligncenter  wp-image-77179\" src=\"http:\/\/www.sudoestehoje.com.br\/novoportal\/wp-content\/uploads\/2018\/12\/corpo-e1545087402607.jpg\" alt=\"\" width=\"499\" height=\"281\" \/><\/a><\/p>\n<\/div>\n<div class=\"mc-column content-text active-extra-styles \" data-block-type=\"unstyled\" data-block-weight=\"51\" data-block-id=\"5\">\n<p class=\"content-text__container \" data-track-category=\"Link no Texto\" data-track-links=\"\">A pol\u00edcia foi at\u00e9 os locais e encontrou os dois corpos. Segundo a pol\u00edcia, a fam\u00edlia de Neilton Andrade, reconheceu o corpo que estava enterrado em Ibicu\u00ed como da v\u00edtima. O corpo carbonizado vai passar por exames para a confirma\u00e7\u00e3o da identifica\u00e7\u00e3o, mesmo ap\u00f3s o suspeito indicar que \u00e9 de Anderson.<\/p>\n<\/div>\n<div class=\"mc-column content-text active-extra-styles \" data-block-type=\"unstyled\" data-block-weight=\"46\" data-block-id=\"6\">\n<p class=\"content-text__container \" data-track-category=\"Link no Texto\" data-track-links=\"\">Conforme a pol\u00edcia, um inqu\u00e9rido foi instaurado e o pedido de pris\u00e3o tempor\u00e1ria ser\u00e1 feito nas pr\u00f3ximas horas. Equipes foram at\u00e9 a casa de um dos primos de Nininho e achou os documentos do carro que foi vendido pelas v\u00edtimas. O suspeito \u00e9 procurado pela pol\u00edcia.<\/p>\n<\/div>\n<div class=\"mc-column content-text active-extra-styles\" data-block-type=\"raw\" data-block-weight=\"1\" data-block-id=\"7\">\n<div class=\"content-intertitle\">\n<h2>Caso<\/h2>\n<p><a href=\"http:\/\/www.sudoestehoje.com.br\/novoportal\/wp-content\/uploads\/2018\/12\/CARRO.jpg\"><img loading=\"lazy\" decoding=\"async\" class=\"aligncenter size-medium wp-image-77177\" src=\"http:\/\/www.sudoestehoje.com.br\/novoportal\/wp-content\/uploads\/2018\/12\/CARRO-500x375.jpg\" alt=\"\" width=\"500\" height=\"375\" srcset=\"https:\/\/www.sudoestehoje.com.br\/novoportal\/wp-content\/uploads\/2018\/12\/CARRO-500x375.jpg 500w, https:\/\/www.sudoestehoje.com.br\/novoportal\/wp-content\/uploads\/2018\/12\/CARRO.jpg 640w\" sizes=\"auto, (max-width: 500px) 100vw, 500px\" \/><\/a><\/p>\n<\/div>\n<\/div>\n<div class=\"mc-column content-text active-extra-styles \" data-block-type=\"unstyled\" data-block-weight=\"34\" data-block-id=\"8\">\n<p class=\"content-text__container \" data-track-category=\"Link no Texto\" data-track-links=\"\">As v\u00edtimas desapareceram na sexta-feira (14) ap\u00f3s venderem um carro e receberem o pagamento da comercializa\u00e7\u00e3o. O carro foi encontrado completamente queimado na noite de s\u00e1bado (15), na BA-263, pr\u00f3ximo a cidade de Itapetinga.<\/p>\n<\/div>\n<div class=\"mc-column content-text active-extra-styles \" data-block-type=\"unstyled\" data-block-weight=\"29\" data-block-id=\"9\">\n<p class=\"content-text__container \" data-track-category=\"Link no Texto\" data-track-links=\"\">No domingo (16), amigos e familiares das v\u00edtimas fizeram uma busca pelos desaparecidos na zona rural de Itaju\u00edpe e Ibicara\u00ed com ajuda da PM, mas eles n\u00e3o foram encontrados.<\/p>\n<p class=\"content-text__container \" data-track-category=\"Link no Texto\" data-track-links=\"\">\n<\/div>\n<div data-track-category=\"fim do conteudo\" data-track-action=\"ultimo chunk conteudo\" data-track-noninteraction=\"false\" data-track-scroll=\"entrada completa viewport\">\n<div class=\"mc-column content-text active-extra-styles \" data-block-type=\"unstyled\" data-block-weight=\"47\" data-block-id=\"10\">\n<p class=\"content-text__container \" data-track-category=\"Link no Texto\" data-track-links=\"\">Na manh\u00e3 desta segunda-feira, amigos e familiares das v\u00edtimas fizeram uma manifesta\u00e7\u00e3o na Pra\u00e7a R\u00e9gis Pacheco, e que liga a rodovia Iatju\u00edpe-Coaraci. O grupo queimou pneus na ponte, que ficou interditada por quase uma hora. O Corpo de Bombeiros apagou o fogo e o tr\u00e2nsito foi liberado.<\/p>\n<\/div>\n<\/div>\n<\/div>\n","protected":false},"excerpt":{"rendered":"<p>Os\u00a0corpos de Neilton Santos de Andrade e Anderson Junior Assis Souza\u00a0foram encontrados pela pol\u00edcia ap\u00f3s o suspeito ligar para as delegacias de Itaju\u00edpe e Ibicu\u00ed, confessar o crime e informar os locais onde eles estavam escondidos. O contato do suspeito com a pol\u00edcia foi feito na tarde desta segunda-feira (17). As v\u00edtimas estavam desaparecidas desde [&hellip;]<\/p>\n","protected":false},"author":2,"featured_media":77177,"comment_status":"open","ping_status":"open","sticky":false,"template":"","format":"standard","meta":{"footnotes":"","_links_to":"","_links_to_target":""},"categories":[1],"tags":[],"class_list":["post-77175","post","type-post","status-publish","format-standard","has-post-thumbnail","hentry","category-geral"],"views":1685,"_links":{"self":[{"href":"https:\/\/www.sudoestehoje.com.br\/novoportal\/wp-json\/wp\/v2\/posts\/77175","targetHints":{"allow":["GET"]}}],"collection":[{"href":"https:\/\/www.sudoestehoje.com.br\/novoportal\/wp-json\/wp\/v2\/posts"}],"about":[{"href":"https:\/\/www.sudoestehoje.com.br\/novoportal\/wp-json\/wp\/v2\/types\/post"}],"author":[{"embeddable":true,"href":"https:\/\/www.sudoestehoje.com.br\/novoportal\/wp-json\/wp\/v2\/users\/2"}],"replies":[{"embeddable":true,"href":"https:\/\/www.sudoestehoje.com.br\/novoportal\/wp-json\/wp\/v2\/comments?post=77175"}],"version-history":[{"count":2,"href":"https:\/\/www.sudoestehoje.com.br\/novoportal\/wp-json\/wp\/v2\/posts\/77175\/revisions"}],"predecessor-version":[{"id":77180,"href":"https:\/\/www.sudoestehoje.com.br\/novoportal\/wp-json\/wp\/v2\/posts\/77175\/revisions\/77180"}],"wp:featuredmedia":[{"embeddable":true,"href":"https:\/\/www.sudoestehoje.com.br\/novoportal\/wp-json\/wp\/v2\/media\/77177"}],"wp:attachment":[{"href":"https:\/\/www.sudoestehoje.com.br\/novoportal\/wp-json\/wp\/v2\/media?parent=77175"}],"wp:term":[{"taxonomy":"category","embeddable":true,"href":"https:\/\/www.sudoestehoje.com.br\/novoportal\/wp-json\/wp\/v2\/categories?post=77175"},{"taxonomy":"post_tag","embeddable":true,"href":"https:\/\/www.sudoestehoje.com.br\/novoportal\/wp-json\/wp\/v2\/tags?post=77175"}],"curies":[{"name":"wp","href":"https:\/\/api.w.org\/{rel}","templated":true}]}}