
{"id":77164,"date":"2018-12-17T18:56:51","date_gmt":"2018-12-17T21:56:51","guid":{"rendered":"http:\/\/www.sudoestehoje.com.br\/novoportal\/?p=77164"},"modified":"2018-12-17T18:56:51","modified_gmt":"2018-12-17T21:56:51","slug":"professores-baianos-terao-que-estudar-mais-para-receber-gratificacao","status":"publish","type":"post","link":"https:\/\/www.sudoestehoje.com.br\/novoportal\/2018\/12\/17\/professores-baianos-terao-que-estudar-mais-para-receber-gratificacao\/","title":{"rendered":"PROFESSORES BAIANOS TER\u00c3O QUE ESTUDAR MAIS PARA RECEBER GRATIFICA\u00c7\u00c3O"},"content":{"rendered":"<p class=\"bodytext\"><a href=\"http:\/\/www.sudoestehoje.com.br\/novoportal\/wp-content\/uploads\/2018\/12\/PROF.jpg\"><img loading=\"lazy\" decoding=\"async\" class=\"aligncenter size-medium wp-image-77165\" src=\"http:\/\/www.sudoestehoje.com.br\/novoportal\/wp-content\/uploads\/2018\/12\/PROF-500x260.jpg\" alt=\"\" width=\"500\" height=\"260\" srcset=\"https:\/\/www.sudoestehoje.com.br\/novoportal\/wp-content\/uploads\/2018\/12\/PROF-500x260.jpg 500w, https:\/\/www.sudoestehoje.com.br\/novoportal\/wp-content\/uploads\/2018\/12\/PROF.jpg 540w\" sizes=\"auto, (max-width: 500px) 100vw, 500px\" \/><\/a><\/p>\n<p class=\"bodytext\">Os professores da rede estadual que pleiteiam uma gratifica\u00e7\u00e3o nos sal\u00e1rios atrav\u00e9s de especializa\u00e7\u00f5es ter\u00e3o que dedicar mais tempo aos estudos.<\/p>\n<p class=\"bodytext\">Nesta segunda-feira (17), os deputados aprovaram na Assembleia Legislativa da Bahia (Alba) o projeto de lei 22.985\/2018 que trata da gratifica\u00e7\u00e3o por aperfei\u00e7oamento profissional para os professores, e eleva a carga hor\u00e1ria exigida para ter direito ao benef\u00edcio.<\/p>\n<p class=\"bodytext\">Na pr\u00e1tica, o que mudou foi o tempo de forma\u00e7\u00e3o exigido para conseguir uma gratifica\u00e7\u00e3o salarial. Antes, o docente precisava fazer 80 horas\u00a0de curso de especializa\u00e7\u00e3o para entrar com o pedido.<\/p>\n<p class=\"bodytext\">Agora, ser\u00e1 exigido no m\u00ednimo 270 horas para ter direito ao abono.<\/p>\n<p class=\"bodytext\">\n","protected":false},"excerpt":{"rendered":"<p>Os professores da rede estadual que pleiteiam uma gratifica\u00e7\u00e3o nos sal\u00e1rios atrav\u00e9s de especializa\u00e7\u00f5es ter\u00e3o que dedicar mais tempo aos estudos. Nesta segunda-feira (17), os deputados aprovaram na Assembleia Legislativa da Bahia (Alba) o projeto de lei 22.985\/2018 que trata da gratifica\u00e7\u00e3o por aperfei\u00e7oamento profissional para os professores, e eleva a carga hor\u00e1ria exigida para [&hellip;]<\/p>\n","protected":false},"author":2,"featured_media":77165,"comment_status":"open","ping_status":"open","sticky":false,"template":"","format":"standard","meta":{"footnotes":"","_links_to":"","_links_to_target":""},"categories":[1],"tags":[],"class_list":["post-77164","post","type-post","status-publish","format-standard","has-post-thumbnail","hentry","category-geral"],"views":1010,"_links":{"self":[{"href":"https:\/\/www.sudoestehoje.com.br\/novoportal\/wp-json\/wp\/v2\/posts\/77164","targetHints":{"allow":["GET"]}}],"collection":[{"href":"https:\/\/www.sudoestehoje.com.br\/novoportal\/wp-json\/wp\/v2\/posts"}],"about":[{"href":"https:\/\/www.sudoestehoje.com.br\/novoportal\/wp-json\/wp\/v2\/types\/post"}],"author":[{"embeddable":true,"href":"https:\/\/www.sudoestehoje.com.br\/novoportal\/wp-json\/wp\/v2\/users\/2"}],"replies":[{"embeddable":true,"href":"https:\/\/www.sudoestehoje.com.br\/novoportal\/wp-json\/wp\/v2\/comments?post=77164"}],"version-history":[{"count":1,"href":"https:\/\/www.sudoestehoje.com.br\/novoportal\/wp-json\/wp\/v2\/posts\/77164\/revisions"}],"predecessor-version":[{"id":77166,"href":"https:\/\/www.sudoestehoje.com.br\/novoportal\/wp-json\/wp\/v2\/posts\/77164\/revisions\/77166"}],"wp:featuredmedia":[{"embeddable":true,"href":"https:\/\/www.sudoestehoje.com.br\/novoportal\/wp-json\/wp\/v2\/media\/77165"}],"wp:attachment":[{"href":"https:\/\/www.sudoestehoje.com.br\/novoportal\/wp-json\/wp\/v2\/media?parent=77164"}],"wp:term":[{"taxonomy":"category","embeddable":true,"href":"https:\/\/www.sudoestehoje.com.br\/novoportal\/wp-json\/wp\/v2\/categories?post=77164"},{"taxonomy":"post_tag","embeddable":true,"href":"https:\/\/www.sudoestehoje.com.br\/novoportal\/wp-json\/wp\/v2\/tags?post=77164"}],"curies":[{"name":"wp","href":"https:\/\/api.w.org\/{rel}","templated":true}]}}