
{"id":77160,"date":"2018-12-16T20:31:11","date_gmt":"2018-12-16T23:31:11","guid":{"rendered":"http:\/\/www.sudoestehoje.com.br\/novoportal\/?p=77160"},"modified":"2018-12-16T20:31:58","modified_gmt":"2018-12-16T23:31:58","slug":"77160","status":"publish","type":"post","link":"https:\/\/www.sudoestehoje.com.br\/novoportal\/2018\/12\/16\/77160\/","title":{"rendered":"ITAPETINGA: DECORA\u00c7\u00c3O DE NATAL COME\u00c7A A SER MONTADA NESTA SEGUNDA, GARANTE PORTELA"},"content":{"rendered":"<div id=\"attachment_77161\" style=\"width: 510px\" class=\"wp-caption aligncenter\"><a href=\"http:\/\/www.sudoestehoje.com.br\/novoportal\/wp-content\/uploads\/2018\/12\/alameda-gest\u00e3o-z\u00e9-carlos-500x281-1.jpg\"><img loading=\"lazy\" decoding=\"async\" aria-describedby=\"caption-attachment-77161\" class=\"size-medium wp-image-77161\" src=\"http:\/\/www.sudoestehoje.com.br\/novoportal\/wp-content\/uploads\/2018\/12\/alameda-gest\u00e3o-z\u00e9-carlos-500x281-1-500x281.jpg\" alt=\"\" width=\"500\" height=\"281\" \/><\/a><p id=\"caption-attachment-77161\" class=\"wp-caption-text\"><em><strong>DECORA\u00c7\u00c3O DE NATAL NA ALAMEDA RUI BARBOSA DURANTE A GEST\u00c3O DO PT EM ITAPETINGA<\/strong><\/em><\/p><\/div>\n<p>Com o fim do per\u00edodo chuvoso, a Secretaria Municipal de Esportes, Cultura e Lazer dar\u00e1 in\u00edcio, a partir desta segunda-feira (17), na montagem da tradicional decora\u00e7\u00e3o de Natal nas principais ruas e pra\u00e7as de Itapetinga.<\/p>\n<p>O Sudoeste Hoje manteve contato com a secret\u00e1ria Eliene Portela para saber a raz\u00e3o do atraso e foi informado que a equipe de t\u00e9cnicos da prefeitura, encarregada da instala\u00e7\u00e3o, foi impedida pelas frequentes chuvas que ca\u00edram na cidade nas \u00faltimas semanas, j\u00e1 que a maior parte da decora\u00e7\u00e3o natalina \u00e9 constitu\u00edda de luzes ligadas \u00e0 rede el\u00e9trica.<\/p>\n<p>A decora\u00e7\u00e3o da Alameda Rui Barbosa ficou a cargo da CDL, enquanto a da Pra\u00e7a Augusto de Carvalho \u00e9 de responsabilidade da empresa Zorzo, atrav\u00e9s do programa de parceria\u00a0<em>\u201cAdote uma Pra\u00e7a\u201d<\/em>.<\/p>\n<p><strong><em>Por Davi Ferraz\u00a0\u00a0<\/em><\/strong><\/p>\n","protected":false},"excerpt":{"rendered":"<p>Com o fim do per\u00edodo chuvoso, a Secretaria Municipal de Esportes, Cultura e Lazer dar\u00e1 in\u00edcio, a partir desta segunda-feira (17), na montagem da tradicional decora\u00e7\u00e3o de Natal nas principais ruas e pra\u00e7as de Itapetinga. O Sudoeste Hoje manteve contato com a secret\u00e1ria Eliene Portela para saber a raz\u00e3o do atraso e foi informado que [&hellip;]<\/p>\n","protected":false},"author":2,"featured_media":77161,"comment_status":"open","ping_status":"open","sticky":false,"template":"","format":"standard","meta":{"footnotes":"","_links_to":"","_links_to_target":""},"categories":[1],"tags":[],"class_list":["post-77160","post","type-post","status-publish","format-standard","has-post-thumbnail","hentry","category-geral"],"views":1125,"_links":{"self":[{"href":"https:\/\/www.sudoestehoje.com.br\/novoportal\/wp-json\/wp\/v2\/posts\/77160","targetHints":{"allow":["GET"]}}],"collection":[{"href":"https:\/\/www.sudoestehoje.com.br\/novoportal\/wp-json\/wp\/v2\/posts"}],"about":[{"href":"https:\/\/www.sudoestehoje.com.br\/novoportal\/wp-json\/wp\/v2\/types\/post"}],"author":[{"embeddable":true,"href":"https:\/\/www.sudoestehoje.com.br\/novoportal\/wp-json\/wp\/v2\/users\/2"}],"replies":[{"embeddable":true,"href":"https:\/\/www.sudoestehoje.com.br\/novoportal\/wp-json\/wp\/v2\/comments?post=77160"}],"version-history":[{"count":2,"href":"https:\/\/www.sudoestehoje.com.br\/novoportal\/wp-json\/wp\/v2\/posts\/77160\/revisions"}],"predecessor-version":[{"id":77163,"href":"https:\/\/www.sudoestehoje.com.br\/novoportal\/wp-json\/wp\/v2\/posts\/77160\/revisions\/77163"}],"wp:featuredmedia":[{"embeddable":true,"href":"https:\/\/www.sudoestehoje.com.br\/novoportal\/wp-json\/wp\/v2\/media\/77161"}],"wp:attachment":[{"href":"https:\/\/www.sudoestehoje.com.br\/novoportal\/wp-json\/wp\/v2\/media?parent=77160"}],"wp:term":[{"taxonomy":"category","embeddable":true,"href":"https:\/\/www.sudoestehoje.com.br\/novoportal\/wp-json\/wp\/v2\/categories?post=77160"},{"taxonomy":"post_tag","embeddable":true,"href":"https:\/\/www.sudoestehoje.com.br\/novoportal\/wp-json\/wp\/v2\/tags?post=77160"}],"curies":[{"name":"wp","href":"https:\/\/api.w.org\/{rel}","templated":true}]}}