
{"id":77138,"date":"2018-12-14T20:59:19","date_gmt":"2018-12-14T23:59:19","guid":{"rendered":"http:\/\/www.sudoestehoje.com.br\/novoportal\/?p=77138"},"modified":"2018-12-14T20:59:19","modified_gmt":"2018-12-14T23:59:19","slug":"temer-decide-extraditar-cesare-battisti","status":"publish","type":"post","link":"https:\/\/www.sudoestehoje.com.br\/novoportal\/2018\/12\/14\/temer-decide-extraditar-cesare-battisti\/","title":{"rendered":"TEMER DECIDE EXTRADITAR CESARE BATTISTI"},"content":{"rendered":"<p><a href=\"http:\/\/www.sudoestehoje.com.br\/novoportal\/wp-content\/uploads\/2018\/12\/temer-1000x530.jpg\"><img loading=\"lazy\" decoding=\"async\" class=\"aligncenter size-medium wp-image-77139\" src=\"http:\/\/www.sudoestehoje.com.br\/novoportal\/wp-content\/uploads\/2018\/12\/temer-1000x530-500x265.jpg\" alt=\"\" width=\"500\" height=\"265\" srcset=\"https:\/\/www.sudoestehoje.com.br\/novoportal\/wp-content\/uploads\/2018\/12\/temer-1000x530-500x265.jpg 500w, https:\/\/www.sudoestehoje.com.br\/novoportal\/wp-content\/uploads\/2018\/12\/temer-1000x530-768x407.jpg 768w, https:\/\/www.sudoestehoje.com.br\/novoportal\/wp-content\/uploads\/2018\/12\/temer-1000x530-700x371.jpg 700w, https:\/\/www.sudoestehoje.com.br\/novoportal\/wp-content\/uploads\/2018\/12\/temer-1000x530.jpg 1000w\" sizes=\"auto, (max-width: 500px) 100vw, 500px\" \/><\/a><\/p>\n<p>O presidente Michel Temer decidiu nesta sexta-feira extraditar o italiano Cesare Battisti, condenado na It\u00e1lia por quatro assassinatos nos anos 1970, e com ordem de pris\u00e3o cautelar determinada pelo ministro Luiz Fux, do Supremo Tribunal Federal. O italiano est\u00e1 em \u2018local incerto e n\u00e3o sabido\u2019 e \u00e9 considerado foragido. H\u00e1 uma investiga\u00e7\u00e3o em andamento para localizar Battisti.<\/p>\n<p>Segundo a Coluna do Estad\u00e3o, a decis\u00e3o do presidente est\u00e1 tomada e ser\u00e1 publicada ainda nesta sexta-feira numa edi\u00e7\u00e3o extra do Di\u00e1rio Oficial da Uni\u00e3o.<\/p>\n<p>Em 2010, o STF julgou procedente o pedido de extradi\u00e7\u00e3o feito pela It\u00e1lia tr\u00eas anos antes, mas deixou a palavra final para o presidente da Rep\u00fablica. \u00c0 \u00e9poca, o petista Luiz In\u00e1cio Lula da Silva negou, no \u00faltimo dia de mandato, entregar Battisti.<\/p>\n","protected":false},"excerpt":{"rendered":"<p>O presidente Michel Temer decidiu nesta sexta-feira extraditar o italiano Cesare Battisti, condenado na It\u00e1lia por quatro assassinatos nos anos 1970, e com ordem de pris\u00e3o cautelar determinada pelo ministro Luiz Fux, do Supremo Tribunal Federal. O italiano est\u00e1 em \u2018local incerto e n\u00e3o sabido\u2019 e \u00e9 considerado foragido. H\u00e1 uma investiga\u00e7\u00e3o em andamento para [&hellip;]<\/p>\n","protected":false},"author":2,"featured_media":77139,"comment_status":"open","ping_status":"open","sticky":false,"template":"","format":"standard","meta":{"footnotes":"","_links_to":"","_links_to_target":""},"categories":[1],"tags":[],"class_list":["post-77138","post","type-post","status-publish","format-standard","has-post-thumbnail","hentry","category-geral"],"views":1019,"_links":{"self":[{"href":"https:\/\/www.sudoestehoje.com.br\/novoportal\/wp-json\/wp\/v2\/posts\/77138","targetHints":{"allow":["GET"]}}],"collection":[{"href":"https:\/\/www.sudoestehoje.com.br\/novoportal\/wp-json\/wp\/v2\/posts"}],"about":[{"href":"https:\/\/www.sudoestehoje.com.br\/novoportal\/wp-json\/wp\/v2\/types\/post"}],"author":[{"embeddable":true,"href":"https:\/\/www.sudoestehoje.com.br\/novoportal\/wp-json\/wp\/v2\/users\/2"}],"replies":[{"embeddable":true,"href":"https:\/\/www.sudoestehoje.com.br\/novoportal\/wp-json\/wp\/v2\/comments?post=77138"}],"version-history":[{"count":1,"href":"https:\/\/www.sudoestehoje.com.br\/novoportal\/wp-json\/wp\/v2\/posts\/77138\/revisions"}],"predecessor-version":[{"id":77140,"href":"https:\/\/www.sudoestehoje.com.br\/novoportal\/wp-json\/wp\/v2\/posts\/77138\/revisions\/77140"}],"wp:featuredmedia":[{"embeddable":true,"href":"https:\/\/www.sudoestehoje.com.br\/novoportal\/wp-json\/wp\/v2\/media\/77139"}],"wp:attachment":[{"href":"https:\/\/www.sudoestehoje.com.br\/novoportal\/wp-json\/wp\/v2\/media?parent=77138"}],"wp:term":[{"taxonomy":"category","embeddable":true,"href":"https:\/\/www.sudoestehoje.com.br\/novoportal\/wp-json\/wp\/v2\/categories?post=77138"},{"taxonomy":"post_tag","embeddable":true,"href":"https:\/\/www.sudoestehoje.com.br\/novoportal\/wp-json\/wp\/v2\/tags?post=77138"}],"curies":[{"name":"wp","href":"https:\/\/api.w.org\/{rel}","templated":true}]}}