
{"id":77133,"date":"2018-12-14T20:55:48","date_gmt":"2018-12-14T23:55:48","guid":{"rendered":"http:\/\/www.sudoestehoje.com.br\/novoportal\/?p=77133"},"modified":"2018-12-14T20:55:48","modified_gmt":"2018-12-14T23:55:48","slug":"apos-mandado-de-prisao-defesa-ainda-nao-definiu-quando-joao-de-deus-se-entregara","status":"publish","type":"post","link":"https:\/\/www.sudoestehoje.com.br\/novoportal\/2018\/12\/14\/apos-mandado-de-prisao-defesa-ainda-nao-definiu-quando-joao-de-deus-se-entregara\/","title":{"rendered":"AP\u00d3S MANDADO DE PRIS\u00c3O, DEFESA AINDA N\u00c3O DEFINIU QUANDO JO\u00c3O DE DEUS SE ENTREGAR\u00c1"},"content":{"rendered":"<p><a href=\"http:\/\/www.sudoestehoje.com.br\/novoportal\/wp-content\/uploads\/2018\/12\/J-DEUS.jpg\"><img loading=\"lazy\" decoding=\"async\" class=\"aligncenter size-medium wp-image-77136\" src=\"http:\/\/www.sudoestehoje.com.br\/novoportal\/wp-content\/uploads\/2018\/12\/J-DEUS-500x333.jpg\" alt=\"\" width=\"500\" height=\"333\" srcset=\"https:\/\/www.sudoestehoje.com.br\/novoportal\/wp-content\/uploads\/2018\/12\/J-DEUS-500x333.jpg 500w, https:\/\/www.sudoestehoje.com.br\/novoportal\/wp-content\/uploads\/2018\/12\/J-DEUS-768x512.jpg 768w, https:\/\/www.sudoestehoje.com.br\/novoportal\/wp-content\/uploads\/2018\/12\/J-DEUS-700x467.jpg 700w, https:\/\/www.sudoestehoje.com.br\/novoportal\/wp-content\/uploads\/2018\/12\/J-DEUS.jpg 1024w\" sizes=\"auto, (max-width: 500px) 100vw, 500px\" \/><\/a><\/p>\n<p>Ap\u00f3s a Justi\u00e7a de Goi\u00e1s determinar, nesta sexta-feira (14), a pris\u00e3o do m\u00e9dium Jo\u00e3o Teixeira de Faria, conhecido como Jo\u00e3o de Deus, denunciado por abuso sexual, o advogado dele, Alberto Toron, disse que vai entrar com pedido de habeas corpus contra a decis\u00e3o, que considerou \u201cilegal e injusta\u201d. \u201cA impetra\u00e7\u00e3o do habeas corpus n\u00e3o exclui a apresenta\u00e7\u00e3o do senhor Jo\u00e3o de Deus\u201d, afirmou Toron.<\/p>\n<p>O advogado acrescentou que ainda n\u00e3o definiu quando o m\u00e9dium deve se apresentar \u00e0s autoridades. \u201cS\u00f3 agora tive acesso \u00e0 decis\u00e3o do juiz que imp\u00f4s a pris\u00e3o preventiva contra o sr. Jo\u00e3o de Deus. Observo que apenas alguns depoimentos, de poucas v\u00edtimas, acompanham o pedido de pris\u00e3o preventiva, ainda assim, sem os seus nomes.\u201d<\/p>\n<p>O advogado Thales Jos\u00e9 Jayme, tamb\u00e9m envolvido no caso, confirmou que Jo\u00e3o Teixeira de Faria vai se apresentar \u00e0s autoridades, mas disse que isso n\u00e3o deve ocorrer nesta sexta-feira. \u201cEle vai se apresentar, ele precisa se apresentar, n\u00e3o h\u00e1 outro caminho que n\u00e3o seja esse, e eu falei com alguns familiares que est\u00e3o em An\u00e1polis {Goi\u00e1s] para ver a possibilidade dele se apresentar, mas n\u00e3o seria hoje \u2013 isso eu posso te adiantar com toda a certeza.\u201d<\/p>\n","protected":false},"excerpt":{"rendered":"<p>Ap\u00f3s a Justi\u00e7a de Goi\u00e1s determinar, nesta sexta-feira (14), a pris\u00e3o do m\u00e9dium Jo\u00e3o Teixeira de Faria, conhecido como Jo\u00e3o de Deus, denunciado por abuso sexual, o advogado dele, Alberto Toron, disse que vai entrar com pedido de habeas corpus contra a decis\u00e3o, que considerou \u201cilegal e injusta\u201d. \u201cA impetra\u00e7\u00e3o do habeas corpus n\u00e3o exclui [&hellip;]<\/p>\n","protected":false},"author":2,"featured_media":77136,"comment_status":"open","ping_status":"open","sticky":false,"template":"","format":"standard","meta":{"footnotes":"","_links_to":"","_links_to_target":""},"categories":[1],"tags":[],"class_list":["post-77133","post","type-post","status-publish","format-standard","has-post-thumbnail","hentry","category-geral"],"views":910,"_links":{"self":[{"href":"https:\/\/www.sudoestehoje.com.br\/novoportal\/wp-json\/wp\/v2\/posts\/77133","targetHints":{"allow":["GET"]}}],"collection":[{"href":"https:\/\/www.sudoestehoje.com.br\/novoportal\/wp-json\/wp\/v2\/posts"}],"about":[{"href":"https:\/\/www.sudoestehoje.com.br\/novoportal\/wp-json\/wp\/v2\/types\/post"}],"author":[{"embeddable":true,"href":"https:\/\/www.sudoestehoje.com.br\/novoportal\/wp-json\/wp\/v2\/users\/2"}],"replies":[{"embeddable":true,"href":"https:\/\/www.sudoestehoje.com.br\/novoportal\/wp-json\/wp\/v2\/comments?post=77133"}],"version-history":[{"count":3,"href":"https:\/\/www.sudoestehoje.com.br\/novoportal\/wp-json\/wp\/v2\/posts\/77133\/revisions"}],"predecessor-version":[{"id":77137,"href":"https:\/\/www.sudoestehoje.com.br\/novoportal\/wp-json\/wp\/v2\/posts\/77133\/revisions\/77137"}],"wp:featuredmedia":[{"embeddable":true,"href":"https:\/\/www.sudoestehoje.com.br\/novoportal\/wp-json\/wp\/v2\/media\/77136"}],"wp:attachment":[{"href":"https:\/\/www.sudoestehoje.com.br\/novoportal\/wp-json\/wp\/v2\/media?parent=77133"}],"wp:term":[{"taxonomy":"category","embeddable":true,"href":"https:\/\/www.sudoestehoje.com.br\/novoportal\/wp-json\/wp\/v2\/categories?post=77133"},{"taxonomy":"post_tag","embeddable":true,"href":"https:\/\/www.sudoestehoje.com.br\/novoportal\/wp-json\/wp\/v2\/tags?post=77133"}],"curies":[{"name":"wp","href":"https:\/\/api.w.org\/{rel}","templated":true}]}}