
{"id":77129,"date":"2018-12-14T21:23:13","date_gmt":"2018-12-15T00:23:13","guid":{"rendered":"http:\/\/www.sudoestehoje.com.br\/novoportal\/?p=77129"},"modified":"2018-12-14T21:24:39","modified_gmt":"2018-12-15T00:24:39","slug":"itapetinga-eleicao-da-mesa-diretora-da-camara-e-marcada-para-a-proxima-sexta","status":"publish","type":"post","link":"https:\/\/www.sudoestehoje.com.br\/novoportal\/2018\/12\/14\/itapetinga-eleicao-da-mesa-diretora-da-camara-e-marcada-para-a-proxima-sexta\/","title":{"rendered":"ITAPETINGA: ELEI\u00c7\u00c3O DA MESA DIRETORA DA C\u00c2MARA \u00c9 MARCADA PARA A PR\u00d3XIMA SEXTA"},"content":{"rendered":"<p><a href=\"http:\/\/www.sudoestehoje.com.br\/novoportal\/wp-content\/uploads\/2018\/12\/camara-itapetinga.jpg\"><img loading=\"lazy\" decoding=\"async\" class=\"aligncenter  wp-image-77130\" src=\"http:\/\/www.sudoestehoje.com.br\/novoportal\/wp-content\/uploads\/2018\/12\/camara-itapetinga.jpg\" alt=\"\" width=\"499\" height=\"294\" \/><\/a><\/p>\n<p>Na sess\u00e3o legislativa desta quinta-feira (13), na C\u00e2mara Municipal de Itapetinga, foi lido o Edital de Convoca\u00e7\u00e3o e definida a data para a elei\u00e7\u00e3o da nova Mesa Diretora da Casa, para o bi\u00eanio 2019-2020.<\/p>\n<p>A elei\u00e7\u00e3o para escolha de Presidente, vice-Presidente, 1\u00ba e 2\u00ba Secret\u00e1rios ocorrer\u00e1 na pr\u00f3xima sexta-feira (21), \u00e0s 10h, no Plen\u00e1rio Ulisses Guimar\u00e3es da C\u00e2mara Municipal.<\/p>\n<p>O registro das chapas concorrentes poder\u00e1 ocorrer at\u00e9 o hor\u00e1rio de in\u00edcio da sess\u00e3o, mas a movimenta\u00e7\u00e3o para compor alian\u00e7as j\u00e1 \u00e9 intensa nos bastidores.<\/p>\n<p>Ainda n\u00e3o h\u00e1 defini\u00e7\u00e3o de nomes.<\/p>\n<p><strong><em>Por Davi Ferraz<\/em><\/strong><\/p>\n","protected":false},"excerpt":{"rendered":"<p>Na sess\u00e3o legislativa desta quinta-feira (13), na C\u00e2mara Municipal de Itapetinga, foi lido o Edital de Convoca\u00e7\u00e3o e definida a data para a elei\u00e7\u00e3o da nova Mesa Diretora da Casa, para o bi\u00eanio 2019-2020. A elei\u00e7\u00e3o para escolha de Presidente, vice-Presidente, 1\u00ba e 2\u00ba Secret\u00e1rios ocorrer\u00e1 na pr\u00f3xima sexta-feira (21), \u00e0s 10h, no Plen\u00e1rio Ulisses [&hellip;]<\/p>\n","protected":false},"author":2,"featured_media":77130,"comment_status":"open","ping_status":"open","sticky":false,"template":"","format":"standard","meta":{"footnotes":"","_links_to":"","_links_to_target":""},"categories":[1],"tags":[],"class_list":["post-77129","post","type-post","status-publish","format-standard","has-post-thumbnail","hentry","category-geral"],"views":1114,"_links":{"self":[{"href":"https:\/\/www.sudoestehoje.com.br\/novoportal\/wp-json\/wp\/v2\/posts\/77129","targetHints":{"allow":["GET"]}}],"collection":[{"href":"https:\/\/www.sudoestehoje.com.br\/novoportal\/wp-json\/wp\/v2\/posts"}],"about":[{"href":"https:\/\/www.sudoestehoje.com.br\/novoportal\/wp-json\/wp\/v2\/types\/post"}],"author":[{"embeddable":true,"href":"https:\/\/www.sudoestehoje.com.br\/novoportal\/wp-json\/wp\/v2\/users\/2"}],"replies":[{"embeddable":true,"href":"https:\/\/www.sudoestehoje.com.br\/novoportal\/wp-json\/wp\/v2\/comments?post=77129"}],"version-history":[{"count":2,"href":"https:\/\/www.sudoestehoje.com.br\/novoportal\/wp-json\/wp\/v2\/posts\/77129\/revisions"}],"predecessor-version":[{"id":77132,"href":"https:\/\/www.sudoestehoje.com.br\/novoportal\/wp-json\/wp\/v2\/posts\/77129\/revisions\/77132"}],"wp:featuredmedia":[{"embeddable":true,"href":"https:\/\/www.sudoestehoje.com.br\/novoportal\/wp-json\/wp\/v2\/media\/77130"}],"wp:attachment":[{"href":"https:\/\/www.sudoestehoje.com.br\/novoportal\/wp-json\/wp\/v2\/media?parent=77129"}],"wp:term":[{"taxonomy":"category","embeddable":true,"href":"https:\/\/www.sudoestehoje.com.br\/novoportal\/wp-json\/wp\/v2\/categories?post=77129"},{"taxonomy":"post_tag","embeddable":true,"href":"https:\/\/www.sudoestehoje.com.br\/novoportal\/wp-json\/wp\/v2\/tags?post=77129"}],"curies":[{"name":"wp","href":"https:\/\/api.w.org\/{rel}","templated":true}]}}