
{"id":77116,"date":"2018-12-14T11:58:19","date_gmt":"2018-12-14T14:58:19","guid":{"rendered":"http:\/\/www.sudoestehoje.com.br\/novoportal\/?p=77116"},"modified":"2018-12-14T19:54:46","modified_gmt":"2018-12-14T22:54:46","slug":"caatiba-ex-prefeito-junior-mendes-passa-por-cirurgia-cardiaca-em-salvador","status":"publish","type":"post","link":"https:\/\/www.sudoestehoje.com.br\/novoportal\/2018\/12\/14\/caatiba-ex-prefeito-junior-mendes-passa-por-cirurgia-cardiaca-em-salvador\/","title":{"rendered":"CAATIBA: EX-PREFEITO JUNIOR MENDES PASSA POR CIRURGIA CARD\u00cdACA EM SALVADOR"},"content":{"rendered":"<p><a href=\"http:\/\/www.sudoestehoje.com.br\/novoportal\/wp-content\/uploads\/2018\/12\/JUNIOR-MENDES.jpg\"><img loading=\"lazy\" decoding=\"async\" class=\"aligncenter  wp-image-77117\" src=\"http:\/\/www.sudoestehoje.com.br\/novoportal\/wp-content\/uploads\/2018\/12\/JUNIOR-MENDES.jpg\" alt=\"\" width=\"500\" height=\"336\" \/><\/a><\/p>\n<p>O ex-prefeito de Caatiba, Joaquim Mendes Souza Junior, de 46 anos, encontra-se na Unidade de Terapia Intensiva do Hospital Santa Izabel, em Salvador. Na quinta-feira (13), Dia de Santa Luzia, Junior Mendes, que \u00e9 membro da Pol\u00edcia Rodovi\u00e1ria Federal, foi submetido a uma interven\u00e7\u00e3o cir\u00fargica.<\/p>\n<p><em>\u201cQueridos amigos. Em nome de J\u00fanior, quero de todo cora\u00e7\u00e3o agradec\u00ea-los pelas ora\u00e7\u00f5es e carinho que voc\u00eas tiveram conosco. J\u00fanior agora est\u00e1 bem, ainda requer cuidados, mas a agonia j\u00e1 passou! Continuem rezado para que sua recupera\u00e7\u00e3o seja tranquila. Assim que ele poder far\u00e1 os agradecimentos a todos que de forma t\u00e3o carinhosa se preocupou com ele! Obrigada e um abra\u00e7o a todos!\u201d<\/em>, destacou Kelly Greyse, esposa de Junior Mendes. \/\/<em>Blog do Anderson.<\/em><\/p>\n","protected":false},"excerpt":{"rendered":"<p>O ex-prefeito de Caatiba, Joaquim Mendes Souza Junior, de 46 anos, encontra-se na Unidade de Terapia Intensiva do Hospital Santa Izabel, em Salvador. Na quinta-feira (13), Dia de Santa Luzia, Junior Mendes, que \u00e9 membro da Pol\u00edcia Rodovi\u00e1ria Federal, foi submetido a uma interven\u00e7\u00e3o cir\u00fargica. \u201cQueridos amigos. Em nome de J\u00fanior, quero de todo cora\u00e7\u00e3o [&hellip;]<\/p>\n","protected":false},"author":2,"featured_media":77117,"comment_status":"open","ping_status":"open","sticky":false,"template":"","format":"standard","meta":{"footnotes":"","_links_to":"","_links_to_target":""},"categories":[1],"tags":[],"class_list":["post-77116","post","type-post","status-publish","format-standard","has-post-thumbnail","hentry","category-geral"],"views":1072,"_links":{"self":[{"href":"https:\/\/www.sudoestehoje.com.br\/novoportal\/wp-json\/wp\/v2\/posts\/77116","targetHints":{"allow":["GET"]}}],"collection":[{"href":"https:\/\/www.sudoestehoje.com.br\/novoportal\/wp-json\/wp\/v2\/posts"}],"about":[{"href":"https:\/\/www.sudoestehoje.com.br\/novoportal\/wp-json\/wp\/v2\/types\/post"}],"author":[{"embeddable":true,"href":"https:\/\/www.sudoestehoje.com.br\/novoportal\/wp-json\/wp\/v2\/users\/2"}],"replies":[{"embeddable":true,"href":"https:\/\/www.sudoestehoje.com.br\/novoportal\/wp-json\/wp\/v2\/comments?post=77116"}],"version-history":[{"count":3,"href":"https:\/\/www.sudoestehoje.com.br\/novoportal\/wp-json\/wp\/v2\/posts\/77116\/revisions"}],"predecessor-version":[{"id":77122,"href":"https:\/\/www.sudoestehoje.com.br\/novoportal\/wp-json\/wp\/v2\/posts\/77116\/revisions\/77122"}],"wp:featuredmedia":[{"embeddable":true,"href":"https:\/\/www.sudoestehoje.com.br\/novoportal\/wp-json\/wp\/v2\/media\/77117"}],"wp:attachment":[{"href":"https:\/\/www.sudoestehoje.com.br\/novoportal\/wp-json\/wp\/v2\/media?parent=77116"}],"wp:term":[{"taxonomy":"category","embeddable":true,"href":"https:\/\/www.sudoestehoje.com.br\/novoportal\/wp-json\/wp\/v2\/categories?post=77116"},{"taxonomy":"post_tag","embeddable":true,"href":"https:\/\/www.sudoestehoje.com.br\/novoportal\/wp-json\/wp\/v2\/tags?post=77116"}],"curies":[{"name":"wp","href":"https:\/\/api.w.org\/{rel}","templated":true}]}}