
{"id":77104,"date":"2018-12-13T17:37:57","date_gmt":"2018-12-13T20:37:57","guid":{"rendered":"http:\/\/www.sudoestehoje.com.br\/novoportal\/?p=77104"},"modified":"2018-12-13T17:37:57","modified_gmt":"2018-12-13T20:37:57","slug":"ministro-da-saude-mandetta-recebe-antonio-brito-e-representantes-do-setor-hospitalar-do-brasil","status":"publish","type":"post","link":"https:\/\/www.sudoestehoje.com.br\/novoportal\/2018\/12\/13\/ministro-da-saude-mandetta-recebe-antonio-brito-e-representantes-do-setor-hospitalar-do-brasil\/","title":{"rendered":"MINISTRO DA SA\u00daDE MANDETTA RECEBE ANT\u00d4NIO BRITO E REPRESENTANTES DO SETOR HOSPITALAR DO BRASIL"},"content":{"rendered":"<p><a href=\"http:\/\/www.sudoestehoje.com.br\/novoportal\/wp-content\/uploads\/2018\/12\/M-SA\u00daDE-1.jpg\"><img loading=\"lazy\" decoding=\"async\" class=\"aligncenter size-medium wp-image-77108\" src=\"http:\/\/www.sudoestehoje.com.br\/novoportal\/wp-content\/uploads\/2018\/12\/M-SA\u00daDE-1-500x375.jpg\" alt=\"\" width=\"500\" height=\"375\" srcset=\"https:\/\/www.sudoestehoje.com.br\/novoportal\/wp-content\/uploads\/2018\/12\/M-SA\u00daDE-1-500x375.jpg 500w, https:\/\/www.sudoestehoje.com.br\/novoportal\/wp-content\/uploads\/2018\/12\/M-SA\u00daDE-1-700x525.jpg 700w, https:\/\/www.sudoestehoje.com.br\/novoportal\/wp-content\/uploads\/2018\/12\/M-SA\u00daDE-1.jpg 720w\" sizes=\"auto, (max-width: 500px) 100vw, 500px\" \/><\/a><\/p>\n<p>Na tarde desta quarta (12), a CMB se uniu a outros representantes do setor hospitalar nacional para prestar apoio ao futuro ministro da Sa\u00fade, Luiz Henrique Mandetta.<\/p>\n<p>Al\u00e9m da CMB e algumas federa\u00e7\u00f5es estaduais, participaram da comitiva os dirigentes da ANAHP, da FBH e da CNS.<\/p>\n<p><a href=\"http:\/\/www.sudoestehoje.com.br\/novoportal\/wp-content\/uploads\/2018\/12\/M-SAUDE-2.jpg\"><img loading=\"lazy\" decoding=\"async\" class=\"aligncenter size-medium wp-image-77109\" src=\"http:\/\/www.sudoestehoje.com.br\/novoportal\/wp-content\/uploads\/2018\/12\/M-SAUDE-2-500x281.jpg\" alt=\"\" width=\"500\" height=\"281\" srcset=\"https:\/\/www.sudoestehoje.com.br\/novoportal\/wp-content\/uploads\/2018\/12\/M-SAUDE-2-500x281.jpg 500w, https:\/\/www.sudoestehoje.com.br\/novoportal\/wp-content\/uploads\/2018\/12\/M-SAUDE-2-700x394.jpg 700w, https:\/\/www.sudoestehoje.com.br\/novoportal\/wp-content\/uploads\/2018\/12\/M-SAUDE-2.jpg 720w\" sizes=\"auto, (max-width: 500px) 100vw, 500px\" \/><\/a><\/p>\n<p>O deputado federal Antonio Brito (PSD\/BA), apoiador atuante das causas do segmento, conduziu a apresenta\u00e7\u00e3o de todos ao gestor da Sa\u00fade no novo governo.<\/p>\n<p>O encontro ocorreu no Gabinete de Transi\u00e7\u00e3o Governamental, no CCBB. Leia mais em <a href=\"http:\/\/goo.gl\/w2rfg1?fbclid=IwAR3ZzbS3FcEdJiiTmoPZLxyTLsOEFq67f61UZVmCqJT-hp3Lfmk29eFbF68\" target=\"_blank\" rel=\"nofollow noopener noreferrer\" data-lynx-mode=\"hover\" data-lynx-uri=\"https:\/\/l.facebook.com\/l.php?u=http%3A%2F%2Fgoo.gl%2Fw2rfg1%3Ffbclid%3DIwAR3ZzbS3FcEdJiiTmoPZLxyTLsOEFq67f61UZVmCqJT-hp3Lfmk29eFbF68&amp;h=AT0UZLVKd7aj5u7deRWBfS2g5bx_cOUO1EAiBpn8cce4mcDE5K8qIDi8SkiKD47Zxo23RJ4be0ykng-uxs9ns22ITnTQSqWbfjzw_9Dr-KukbiHHPHLZZxBU5v0B2k5qyyrT\">goo.gl\/w2rfg1<\/a><\/p>\n","protected":false},"excerpt":{"rendered":"<p>Na tarde desta quarta (12), a CMB se uniu a outros representantes do setor hospitalar nacional para prestar apoio ao futuro ministro da Sa\u00fade, Luiz Henrique Mandetta. Al\u00e9m da CMB e algumas federa\u00e7\u00f5es estaduais, participaram da comitiva os dirigentes da ANAHP, da FBH e da CNS. O deputado federal Antonio Brito (PSD\/BA), apoiador atuante das [&hellip;]<\/p>\n","protected":false},"author":2,"featured_media":77108,"comment_status":"open","ping_status":"open","sticky":false,"template":"","format":"standard","meta":{"footnotes":"","_links_to":"","_links_to_target":""},"categories":[1],"tags":[],"class_list":["post-77104","post","type-post","status-publish","format-standard","has-post-thumbnail","hentry","category-geral"],"views":923,"_links":{"self":[{"href":"https:\/\/www.sudoestehoje.com.br\/novoportal\/wp-json\/wp\/v2\/posts\/77104","targetHints":{"allow":["GET"]}}],"collection":[{"href":"https:\/\/www.sudoestehoje.com.br\/novoportal\/wp-json\/wp\/v2\/posts"}],"about":[{"href":"https:\/\/www.sudoestehoje.com.br\/novoportal\/wp-json\/wp\/v2\/types\/post"}],"author":[{"embeddable":true,"href":"https:\/\/www.sudoestehoje.com.br\/novoportal\/wp-json\/wp\/v2\/users\/2"}],"replies":[{"embeddable":true,"href":"https:\/\/www.sudoestehoje.com.br\/novoportal\/wp-json\/wp\/v2\/comments?post=77104"}],"version-history":[{"count":4,"href":"https:\/\/www.sudoestehoje.com.br\/novoportal\/wp-json\/wp\/v2\/posts\/77104\/revisions"}],"predecessor-version":[{"id":77111,"href":"https:\/\/www.sudoestehoje.com.br\/novoportal\/wp-json\/wp\/v2\/posts\/77104\/revisions\/77111"}],"wp:featuredmedia":[{"embeddable":true,"href":"https:\/\/www.sudoestehoje.com.br\/novoportal\/wp-json\/wp\/v2\/media\/77108"}],"wp:attachment":[{"href":"https:\/\/www.sudoestehoje.com.br\/novoportal\/wp-json\/wp\/v2\/media?parent=77104"}],"wp:term":[{"taxonomy":"category","embeddable":true,"href":"https:\/\/www.sudoestehoje.com.br\/novoportal\/wp-json\/wp\/v2\/categories?post=77104"},{"taxonomy":"post_tag","embeddable":true,"href":"https:\/\/www.sudoestehoje.com.br\/novoportal\/wp-json\/wp\/v2\/tags?post=77104"}],"curies":[{"name":"wp","href":"https:\/\/api.w.org\/{rel}","templated":true}]}}