
{"id":77050,"date":"2018-12-11T21:13:53","date_gmt":"2018-12-12T00:13:53","guid":{"rendered":"http:\/\/www.sudoestehoje.com.br\/novoportal\/?p=77050"},"modified":"2018-12-11T21:13:53","modified_gmt":"2018-12-12T00:13:53","slug":"mais-de-300-delegados-de-policia-entregam-cargos-em-protesto-contra-pec-de-rui","status":"publish","type":"post","link":"https:\/\/www.sudoestehoje.com.br\/novoportal\/2018\/12\/11\/mais-de-300-delegados-de-policia-entregam-cargos-em-protesto-contra-pec-de-rui\/","title":{"rendered":"MAIS DE 300 DELEGADOS DE POL\u00cdCIA ENTREGAM CARGOS EM PROTESTO CONTRA PEC DE RUI"},"content":{"rendered":"<p><a href=\"http:\/\/www.sudoestehoje.com.br\/novoportal\/wp-content\/uploads\/2018\/12\/DELEGADOS.jpg\"><img loading=\"lazy\" decoding=\"async\" class=\"aligncenter size-medium wp-image-77051\" src=\"http:\/\/www.sudoestehoje.com.br\/novoportal\/wp-content\/uploads\/2018\/12\/DELEGADOS-500x309.jpg\" alt=\"\" width=\"500\" height=\"309\" srcset=\"https:\/\/www.sudoestehoje.com.br\/novoportal\/wp-content\/uploads\/2018\/12\/DELEGADOS-500x309.jpg 500w, https:\/\/www.sudoestehoje.com.br\/novoportal\/wp-content\/uploads\/2018\/12\/DELEGADOS-768x474.jpg 768w, https:\/\/www.sudoestehoje.com.br\/novoportal\/wp-content\/uploads\/2018\/12\/DELEGADOS-700x432.jpg 700w, https:\/\/www.sudoestehoje.com.br\/novoportal\/wp-content\/uploads\/2018\/12\/DELEGADOS.jpg 940w\" sizes=\"auto, (max-width: 500px) 100vw, 500px\" \/><\/a><\/p>\n<p>Mais de 300 delegados que ocupam postos de chefia na Bahia decidiram entregar os cargos ap\u00f3s assembleia realizada nesta ter\u00e7a-feira (11), em protesto contra a\u00a0<a href=\"https:\/\/g1.globo.com\/ba\/bahia\/noticia\/2018\/12\/03\/rui-costa-anuncia-proposta-de-reforma-administrativa-com-corte-de-mais-de-800-cargos-comissionados-e-extincao-de-orgaos.ghtml\">reforma administrativa anunciada pelo governador Rui Costa<\/a>, mais especificamente a proposta de fixar os ganhos do governador como o teto salarial para todos os servidores do estado \u2014 o sal\u00e1rio do governador \u00e9 de R$ 22 mil.<\/p>\n<div class=\"mc-column content-text active-extra-styles \" data-block-type=\"unstyled\" data-block-weight=\"50\" data-block-id=\"4\">\n<p class=\"content-text__container \" data-track-category=\"Link no Texto\" data-track-links=\"\">O Sindicato dos Delegados de Pol\u00edcia da Bahia (ADPEB) diz que, com a medida de limitar o teto salarial, os delegados ter\u00e3o perdas na remunera\u00e7\u00e3o que podem chegar a at\u00e9 40%. O sindicato ainda afirma que os delegados t\u00eam dedica\u00e7\u00e3o exclusiva e que est\u00e3o com sal\u00e1rios congelados h\u00e1 quatro anos.<\/p>\n<\/div>\n<div class=\"mc-column content-text active-extra-styles \" data-block-type=\"unstyled\" data-block-weight=\"22\" data-block-id=\"5\">\n<p class=\"content-text__container \" data-track-category=\"Link no Texto\" data-track-links=\"\">A entidade sidical destaca que o atendimento \u00e0 popula\u00e7\u00e3o continuar\u00e1 sendo realizado normalmente, j\u00e1 que somente os cargos de chefia foram entregues.<\/p>\n<\/div>\n<div class=\"mc-column content-text active-extra-styles \" data-block-type=\"unstyled\" data-block-weight=\"39\" data-block-id=\"6\">\n<p class=\"content-text__container \" data-track-category=\"Link no Texto\" data-track-links=\"\">A assembleia foi realizada em um hotel na Avenida Sete de Setembro, no bairro da Vit\u00f3ria. Os delegados que decidiram entregar os cargos assinaram uma carta que foi entregue ao delegado-geral da Pol\u00edcia Civil da Bahia, Bernadino Brito Filho.<\/p>\n<\/div>\n<div class=\"mc-column content-text active-extra-styles \" data-block-type=\"unstyled\" data-block-weight=\"40\" data-block-id=\"7\">\n<p class=\"content-text__container \" data-track-category=\"Link no Texto\" data-track-links=\"\">Ainda segundo o sindicato, decidiram entregar os cargos todos os diretores e coordenadores regionais e os titulares da capital e regi\u00e3o metropolitana, al\u00e9m dos delegados de interior que atuam em substitui\u00e7\u00e3o, ou seja, em cidades onde n\u00e3o possuem delegados titulares.<\/p>\n<\/div>\n<div class=\"mc-column content-text active-extra-styles \" data-block-type=\"unstyled\" data-block-weight=\"30\" data-block-id=\"8\">\n<p class=\"content-text__container \" data-track-category=\"Link no Texto\" data-track-links=\"\">Uma reuni\u00e3o com diretores de departamento foi realizada na tarde desta ter\u00e7a-feira (11). Na quarta (12), haver\u00e1 uma nova reuni\u00e3o entre governo e secret\u00e1rios da Seguran\u00e7a P\u00fablica e da Administra\u00e7\u00e3o.<\/p>\n<\/div>\n<div class=\"mc-column content-text active-extra-styles \" data-block-type=\"unstyled\" data-block-weight=\"37\" data-block-id=\"9\">\n<p class=\"content-text__container \" data-track-category=\"Link no Texto\" data-track-links=\"\">Em nota, enviada no in\u00edcio da tarde, o governo informou que o projeto de lei enviado \u00e0 Assembleia Legislativa &#8220;n\u00e3o reduz sal\u00e1rio de qualquer categoria dos servidores p\u00fablicos&#8221; e que &#8220;nem tampouco representa perdas de direitos adquiridos&#8221;.<\/p>\n<div class=\"mc-column content-text active-extra-styles \" data-block-type=\"unstyled\" data-block-weight=\"33\" data-block-id=\"11\">\n<p class=\"content-text__container \" data-track-category=\"Link no Texto\" data-track-links=\"\">No entanto, o governo aponta que &#8220;diante de um cen\u00e1rio de aguda crise financeira no Pa\u00eds, o Governo entende n\u00e3o ser pertinente reajuste salarial igual ao concedido aos ministros do Supremo Tribunal Federal&#8221;.<\/p>\n<\/div>\n<div class=\"mc-column content-text active-extra-styles \" data-block-type=\"unstyled\" data-block-weight=\"21\" data-block-id=\"12\">\n<p class=\"content-text__container \" data-track-category=\"Link no Texto\" data-track-links=\"\">O governo ainda destacou que &#8220;os casos em que as a\u00e7\u00f5es est\u00e3o transitadas e julgadas ser\u00e3o cumpridos rigorosamente respeitando a Lei&#8221;. <em>\/\/G1<\/em><\/p>\n<\/div>\n<\/div>\n","protected":false},"excerpt":{"rendered":"<p>Mais de 300 delegados que ocupam postos de chefia na Bahia decidiram entregar os cargos ap\u00f3s assembleia realizada nesta ter\u00e7a-feira (11), em protesto contra a\u00a0reforma administrativa anunciada pelo governador Rui Costa, mais especificamente a proposta de fixar os ganhos do governador como o teto salarial para todos os servidores do estado \u2014 o sal\u00e1rio do [&hellip;]<\/p>\n","protected":false},"author":2,"featured_media":77051,"comment_status":"open","ping_status":"open","sticky":false,"template":"","format":"standard","meta":{"footnotes":"","_links_to":"","_links_to_target":""},"categories":[1],"tags":[],"class_list":["post-77050","post","type-post","status-publish","format-standard","has-post-thumbnail","hentry","category-geral"],"views":1382,"_links":{"self":[{"href":"https:\/\/www.sudoestehoje.com.br\/novoportal\/wp-json\/wp\/v2\/posts\/77050","targetHints":{"allow":["GET"]}}],"collection":[{"href":"https:\/\/www.sudoestehoje.com.br\/novoportal\/wp-json\/wp\/v2\/posts"}],"about":[{"href":"https:\/\/www.sudoestehoje.com.br\/novoportal\/wp-json\/wp\/v2\/types\/post"}],"author":[{"embeddable":true,"href":"https:\/\/www.sudoestehoje.com.br\/novoportal\/wp-json\/wp\/v2\/users\/2"}],"replies":[{"embeddable":true,"href":"https:\/\/www.sudoestehoje.com.br\/novoportal\/wp-json\/wp\/v2\/comments?post=77050"}],"version-history":[{"count":1,"href":"https:\/\/www.sudoestehoje.com.br\/novoportal\/wp-json\/wp\/v2\/posts\/77050\/revisions"}],"predecessor-version":[{"id":77052,"href":"https:\/\/www.sudoestehoje.com.br\/novoportal\/wp-json\/wp\/v2\/posts\/77050\/revisions\/77052"}],"wp:featuredmedia":[{"embeddable":true,"href":"https:\/\/www.sudoestehoje.com.br\/novoportal\/wp-json\/wp\/v2\/media\/77051"}],"wp:attachment":[{"href":"https:\/\/www.sudoestehoje.com.br\/novoportal\/wp-json\/wp\/v2\/media?parent=77050"}],"wp:term":[{"taxonomy":"category","embeddable":true,"href":"https:\/\/www.sudoestehoje.com.br\/novoportal\/wp-json\/wp\/v2\/categories?post=77050"},{"taxonomy":"post_tag","embeddable":true,"href":"https:\/\/www.sudoestehoje.com.br\/novoportal\/wp-json\/wp\/v2\/tags?post=77050"}],"curies":[{"name":"wp","href":"https:\/\/api.w.org\/{rel}","templated":true}]}}