
{"id":77012,"date":"2018-12-11T00:16:23","date_gmt":"2018-12-11T03:16:23","guid":{"rendered":"http:\/\/www.sudoestehoje.com.br\/novoportal\/?p=77012"},"modified":"2018-12-11T00:16:23","modified_gmt":"2018-12-11T03:16:23","slug":"bandidos-se-entregam-e-libertam-16-refens-em-posto-de-saude-em-salvador","status":"publish","type":"post","link":"https:\/\/www.sudoestehoje.com.br\/novoportal\/2018\/12\/11\/bandidos-se-entregam-e-libertam-16-refens-em-posto-de-saude-em-salvador\/","title":{"rendered":"BANDIDOS SE ENTREGAM E LIBERTAM 16 REF\u00c9NS EM POSTO DE SA\u00daDE EM SALVADOR"},"content":{"rendered":"<p><a href=\"http:\/\/www.sudoestehoje.com.br\/novoportal\/wp-content\/uploads\/2018\/12\/brasil-refens-salvador-20181210-001.jpg\"><img loading=\"lazy\" decoding=\"async\" class=\"aligncenter size-medium wp-image-77013\" src=\"http:\/\/www.sudoestehoje.com.br\/novoportal\/wp-content\/uploads\/2018\/12\/brasil-refens-salvador-20181210-001-500x333.jpg\" alt=\"\" width=\"500\" height=\"333\" srcset=\"https:\/\/www.sudoestehoje.com.br\/novoportal\/wp-content\/uploads\/2018\/12\/brasil-refens-salvador-20181210-001-500x333.jpg 500w, https:\/\/www.sudoestehoje.com.br\/novoportal\/wp-content\/uploads\/2018\/12\/brasil-refens-salvador-20181210-001.jpg 680w\" sizes=\"auto, (max-width: 500px) 100vw, 500px\" \/><\/a><\/p>\n<p>Os quatro homens que fizeram\u00a0<strong><a href=\"https:\/\/veja.abril.com.br\/blog\/bahia\/em-salvador-criminosos-invadem-posto-e-fazem-15-servidores-refens\/\">cerca de 16 servidores municipais\u00a0ref\u00e9ns<\/a><\/strong>\u00a0dentro do Centro de Sa\u00fade Osvaldo Caldas Campos, no bairro de Santa Cruz, em\u00a0<strong>Salvador<\/strong>, se entregaram \u00e0 pol\u00edcia no in\u00edcio da noite desta segunda-feira, 10, e liberaram as v\u00edtimas.<\/p>\n<p>Os criminosos invadiram a unidade de sa\u00fade por volta das 16h, ap\u00f3s um tiroteio na regi\u00e3o. No confronto, tr\u00eas suspeitos acabaram mortos e um policial militar ficou ferido, sem gravidade.<\/p>\n<p>Os ref\u00e9ns ficaram em poder dos bandidos durante quase tr\u00eas horas e foram libertados por volta das 19h, ap\u00f3s negocia\u00e7\u00e3o da equipe do Batalh\u00e3o de Opera\u00e7\u00f5es Policiais Especiais (BOPE). Para soltar as v\u00edtimas, os criminosos reivindicaram a presen\u00e7a dos familiares e da imprensa.<\/p>\n<p>Segundo a Secretaria de Seguran\u00e7a P\u00fablica da Bahia (SSP-BA), os suspeitos, que n\u00e3o tiveram os nomes divulgados, integram uma quadrilha de tr\u00e1fico de drogas. Os criminosos foram para a Central de Flagrantes da Pol\u00edcia Civil, onde o caso ser\u00e1 registrado.<\/p>\n","protected":false},"excerpt":{"rendered":"<p>Os quatro homens que fizeram\u00a0cerca de 16 servidores municipais\u00a0ref\u00e9ns\u00a0dentro do Centro de Sa\u00fade Osvaldo Caldas Campos, no bairro de Santa Cruz, em\u00a0Salvador, se entregaram \u00e0 pol\u00edcia no in\u00edcio da noite desta segunda-feira, 10, e liberaram as v\u00edtimas. Os criminosos invadiram a unidade de sa\u00fade por volta das 16h, ap\u00f3s um tiroteio na regi\u00e3o. No confronto, [&hellip;]<\/p>\n","protected":false},"author":2,"featured_media":77013,"comment_status":"open","ping_status":"open","sticky":false,"template":"","format":"standard","meta":{"footnotes":"","_links_to":"","_links_to_target":""},"categories":[1],"tags":[],"class_list":["post-77012","post","type-post","status-publish","format-standard","has-post-thumbnail","hentry","category-geral"],"views":942,"_links":{"self":[{"href":"https:\/\/www.sudoestehoje.com.br\/novoportal\/wp-json\/wp\/v2\/posts\/77012","targetHints":{"allow":["GET"]}}],"collection":[{"href":"https:\/\/www.sudoestehoje.com.br\/novoportal\/wp-json\/wp\/v2\/posts"}],"about":[{"href":"https:\/\/www.sudoestehoje.com.br\/novoportal\/wp-json\/wp\/v2\/types\/post"}],"author":[{"embeddable":true,"href":"https:\/\/www.sudoestehoje.com.br\/novoportal\/wp-json\/wp\/v2\/users\/2"}],"replies":[{"embeddable":true,"href":"https:\/\/www.sudoestehoje.com.br\/novoportal\/wp-json\/wp\/v2\/comments?post=77012"}],"version-history":[{"count":1,"href":"https:\/\/www.sudoestehoje.com.br\/novoportal\/wp-json\/wp\/v2\/posts\/77012\/revisions"}],"predecessor-version":[{"id":77014,"href":"https:\/\/www.sudoestehoje.com.br\/novoportal\/wp-json\/wp\/v2\/posts\/77012\/revisions\/77014"}],"wp:featuredmedia":[{"embeddable":true,"href":"https:\/\/www.sudoestehoje.com.br\/novoportal\/wp-json\/wp\/v2\/media\/77013"}],"wp:attachment":[{"href":"https:\/\/www.sudoestehoje.com.br\/novoportal\/wp-json\/wp\/v2\/media?parent=77012"}],"wp:term":[{"taxonomy":"category","embeddable":true,"href":"https:\/\/www.sudoestehoje.com.br\/novoportal\/wp-json\/wp\/v2\/categories?post=77012"},{"taxonomy":"post_tag","embeddable":true,"href":"https:\/\/www.sudoestehoje.com.br\/novoportal\/wp-json\/wp\/v2\/tags?post=77012"}],"curies":[{"name":"wp","href":"https:\/\/api.w.org\/{rel}","templated":true}]}}