
{"id":77009,"date":"2018-12-11T00:06:12","date_gmt":"2018-12-11T03:06:12","guid":{"rendered":"http:\/\/www.sudoestehoje.com.br\/novoportal\/?p=77009"},"modified":"2018-12-11T00:06:12","modified_gmt":"2018-12-11T03:06:12","slug":"colegio-estadual-e-fechado-em-conquista","status":"publish","type":"post","link":"https:\/\/www.sudoestehoje.com.br\/novoportal\/2018\/12\/11\/colegio-estadual-e-fechado-em-conquista\/","title":{"rendered":"COL\u00c9GIO ESTADUAL \u00c9 FECHADO EM CONQUISTA"},"content":{"rendered":"<p><strong><a href=\"http:\/\/www.sudoestehoje.com.br\/novoportal\/wp-content\/uploads\/2018\/12\/ESCOLA-FECHADA.jpg\"><img loading=\"lazy\" decoding=\"async\" class=\"aligncenter size-medium wp-image-77010\" src=\"http:\/\/www.sudoestehoje.com.br\/novoportal\/wp-content\/uploads\/2018\/12\/ESCOLA-FECHADA-500x334.jpg\" alt=\"\" width=\"500\" height=\"334\" srcset=\"https:\/\/www.sudoestehoje.com.br\/novoportal\/wp-content\/uploads\/2018\/12\/ESCOLA-FECHADA-500x334.jpg 500w, https:\/\/www.sudoestehoje.com.br\/novoportal\/wp-content\/uploads\/2018\/12\/ESCOLA-FECHADA.jpg 600w\" sizes=\"auto, (max-width: 500px) 100vw, 500px\" \/><\/a><\/strong><\/p>\n<p>O Col\u00e9gio Estadual Cleber Pacheco de Oliveira, localizado na Zona Oeste de Vit\u00f3ria da Conquista, vai encerrar suas atividades. Essa unidade, onde \u00e9 exclusivo para realiza\u00e7\u00f5es de atividades atrav\u00e9s de Exames de Supletivos, ter\u00e1 o seu quadro docente e discente transferido para o Col\u00e9gio Polivalente de Vit\u00f3ria da Conquista<em>. <\/em><\/p>\n<p><em>\u201cTudo vai funcionar normalmente e a mudan\u00e7a facilitar\u00e1 o acesso tanto para professores como tamb\u00e9m aos estudantes\u201d<\/em>, comentou o diretor do N\u00facleo Regional de Educa\u00e7\u00e3o, Ricardo Costa de Morais, ao Blog do Anderson, na tarde desta segunda-feira (10).<\/p>\n","protected":false},"excerpt":{"rendered":"<p>O Col\u00e9gio Estadual Cleber Pacheco de Oliveira, localizado na Zona Oeste de Vit\u00f3ria da Conquista, vai encerrar suas atividades. Essa unidade, onde \u00e9 exclusivo para realiza\u00e7\u00f5es de atividades atrav\u00e9s de Exames de Supletivos, ter\u00e1 o seu quadro docente e discente transferido para o Col\u00e9gio Polivalente de Vit\u00f3ria da Conquista. \u201cTudo vai funcionar normalmente e a [&hellip;]<\/p>\n","protected":false},"author":2,"featured_media":77010,"comment_status":"open","ping_status":"open","sticky":false,"template":"","format":"standard","meta":{"footnotes":"","_links_to":"","_links_to_target":""},"categories":[1],"tags":[],"class_list":["post-77009","post","type-post","status-publish","format-standard","has-post-thumbnail","hentry","category-geral"],"views":1913,"_links":{"self":[{"href":"https:\/\/www.sudoestehoje.com.br\/novoportal\/wp-json\/wp\/v2\/posts\/77009","targetHints":{"allow":["GET"]}}],"collection":[{"href":"https:\/\/www.sudoestehoje.com.br\/novoportal\/wp-json\/wp\/v2\/posts"}],"about":[{"href":"https:\/\/www.sudoestehoje.com.br\/novoportal\/wp-json\/wp\/v2\/types\/post"}],"author":[{"embeddable":true,"href":"https:\/\/www.sudoestehoje.com.br\/novoportal\/wp-json\/wp\/v2\/users\/2"}],"replies":[{"embeddable":true,"href":"https:\/\/www.sudoestehoje.com.br\/novoportal\/wp-json\/wp\/v2\/comments?post=77009"}],"version-history":[{"count":1,"href":"https:\/\/www.sudoestehoje.com.br\/novoportal\/wp-json\/wp\/v2\/posts\/77009\/revisions"}],"predecessor-version":[{"id":77011,"href":"https:\/\/www.sudoestehoje.com.br\/novoportal\/wp-json\/wp\/v2\/posts\/77009\/revisions\/77011"}],"wp:featuredmedia":[{"embeddable":true,"href":"https:\/\/www.sudoestehoje.com.br\/novoportal\/wp-json\/wp\/v2\/media\/77010"}],"wp:attachment":[{"href":"https:\/\/www.sudoestehoje.com.br\/novoportal\/wp-json\/wp\/v2\/media?parent=77009"}],"wp:term":[{"taxonomy":"category","embeddable":true,"href":"https:\/\/www.sudoestehoje.com.br\/novoportal\/wp-json\/wp\/v2\/categories?post=77009"},{"taxonomy":"post_tag","embeddable":true,"href":"https:\/\/www.sudoestehoje.com.br\/novoportal\/wp-json\/wp\/v2\/tags?post=77009"}],"curies":[{"name":"wp","href":"https:\/\/api.w.org\/{rel}","templated":true}]}}