
{"id":76987,"date":"2018-12-10T18:19:49","date_gmt":"2018-12-10T21:19:49","guid":{"rendered":"http:\/\/www.sudoestehoje.com.br\/novoportal\/?p=76987"},"modified":"2018-12-10T18:19:49","modified_gmt":"2018-12-10T21:19:49","slug":"policia-e-mp-de-goias-vao-apurar-denuncias-contra-o-medium-joao-de-deus","status":"publish","type":"post","link":"https:\/\/www.sudoestehoje.com.br\/novoportal\/2018\/12\/10\/policia-e-mp-de-goias-vao-apurar-denuncias-contra-o-medium-joao-de-deus\/","title":{"rendered":"POL\u00cdCIA E MP DE GOI\u00c1S V\u00c3O APURAR DEN\u00daNCIAS CONTRA O M\u00c9DIUM JO\u00c3O DE DEUS"},"content":{"rendered":"<p><a href=\"http:\/\/www.sudoestehoje.com.br\/novoportal\/wp-content\/uploads\/2018\/12\/joa\u0303o-de-deus-reproduc\u0327a\u0303o-twitter.jpg\"><img loading=\"lazy\" decoding=\"async\" class=\"aligncenter size-medium wp-image-76988\" src=\"http:\/\/www.sudoestehoje.com.br\/novoportal\/wp-content\/uploads\/2018\/12\/joa\u0303o-de-deus-reproduc\u0327a\u0303o-twitter-500x350.jpg\" alt=\"\" width=\"500\" height=\"350\" srcset=\"https:\/\/www.sudoestehoje.com.br\/novoportal\/wp-content\/uploads\/2018\/12\/joa\u0303o-de-deus-reproduc\u0327a\u0303o-twitter-500x350.jpg 500w, https:\/\/www.sudoestehoje.com.br\/novoportal\/wp-content\/uploads\/2018\/12\/joa\u0303o-de-deus-reproduc\u0327a\u0303o-twitter.jpg 600w\" sizes=\"auto, (max-width: 500px) 100vw, 500px\" \/><\/a><\/p>\n<p>As<a href=\"http:\/\/bahia.ba\/brasil\/dez-mulheres-relatam-abusos-sexuais-do-medium-joao-de-deus\/\"><strong>\u00a0den\u00fancias de abuso sexua<\/strong>l<\/a>\u00a0envolvendo o m\u00e9dium Jo\u00e3o Teixeira de Faria, conhecido internacionalmente como Jo\u00e3o de Deus, ser\u00e3o investigadas por uma for\u00e7a-tarefa especial da pol\u00edcia Civil e do Minist\u00e9rio P\u00fablico de Goi\u00e1s (MP-GO).<\/p>\n<p>A pol\u00edcia vai definir, nesta segunda-feira (10),\u00a0a quantidade de delegados e agentes que atuar\u00e3o no caso.<\/p>\n<p>A assessoria da pol\u00edcia disse que a institui\u00e7\u00e3o j\u00e1 havia instaurado inqu\u00e9ritos para investigar acusa\u00e7\u00f5es apresentadas por frequentadoras da Casa Dom In\u00e1cio de Loyola, em Abadi\u00e2nia (GO), mas que as den\u00fancias se avolumaram depois que o caso se tornou p\u00fablico, sendo divulgado na imprensa. A cria\u00e7\u00e3o da for\u00e7a-tarefa se deve \u00e0 complexidade do caso.<\/p>\n<p>J\u00e1 o Minist\u00e9rio P\u00fablico goiano pretende atuar em conjunto com promotores de outras unidades da federa\u00e7\u00e3o onde residam mulheres que afirmem ter sido v\u00edtimas de abusos sexuais supostamente cometidos pelo m\u00e9dium. As primeiras denunciantes devem come\u00e7ar a ser ouvidas na ter\u00e7a-feira (11).<\/p>\n<p><strong>Esc\u00e2ndalo<\/strong><\/p>\n<p>O esc\u00e2ndalo envolvendo Jo\u00e3o de Deus veio \u00e0 tona na \u00faltima sexta-feira (7), quando o programa Conversa com Bial, da TV Globo, veiculou o relato de v\u00e1rias mulheres que afirmam terem sido v\u00edtimas do m\u00e9dium. Segundo os relatos, Jo\u00e3o de Deus as teria levado para c\u00f4modos isolados do centro esp\u00edrita e as molestado, acariciando seus corpos. Algumas mulheres garantem que o m\u00e9dium chegou a expor seu p\u00eanis, for\u00e7ando-as a toc\u00e1-lo a pretexto de cur\u00e1-las.<\/p>\n<p>Em nota divulgada no s\u00e1bado (8), a Federa\u00e7\u00e3o Esp\u00edrita Brasileira afirma que o espiritismo orienta que o servi\u00e7o espiritual n\u00e3o deve ocorrer isoladamente, apenas com a presen\u00e7a do m\u00e9dium e da pessoa assistida. Al\u00e9m disso, a entidade informa que \u201cn\u00e3o recomenda a atividade individual de m\u00e9diuns que atuem por conta pr\u00f3pria\u201d que, portanto, \u201cn\u00e3o est\u00e3o vinculados ao movimento esp\u00edrita, nem seguindo sua orienta\u00e7\u00e3o\u201d.<\/p>\n","protected":false},"excerpt":{"rendered":"<p>As\u00a0den\u00fancias de abuso sexual\u00a0envolvendo o m\u00e9dium Jo\u00e3o Teixeira de Faria, conhecido internacionalmente como Jo\u00e3o de Deus, ser\u00e3o investigadas por uma for\u00e7a-tarefa especial da pol\u00edcia Civil e do Minist\u00e9rio P\u00fablico de Goi\u00e1s (MP-GO). A pol\u00edcia vai definir, nesta segunda-feira (10),\u00a0a quantidade de delegados e agentes que atuar\u00e3o no caso. A assessoria da pol\u00edcia disse que a [&hellip;]<\/p>\n","protected":false},"author":2,"featured_media":76988,"comment_status":"open","ping_status":"open","sticky":false,"template":"","format":"standard","meta":{"footnotes":"","_links_to":"","_links_to_target":""},"categories":[1],"tags":[],"class_list":["post-76987","post","type-post","status-publish","format-standard","has-post-thumbnail","hentry","category-geral"],"views":1190,"_links":{"self":[{"href":"https:\/\/www.sudoestehoje.com.br\/novoportal\/wp-json\/wp\/v2\/posts\/76987","targetHints":{"allow":["GET"]}}],"collection":[{"href":"https:\/\/www.sudoestehoje.com.br\/novoportal\/wp-json\/wp\/v2\/posts"}],"about":[{"href":"https:\/\/www.sudoestehoje.com.br\/novoportal\/wp-json\/wp\/v2\/types\/post"}],"author":[{"embeddable":true,"href":"https:\/\/www.sudoestehoje.com.br\/novoportal\/wp-json\/wp\/v2\/users\/2"}],"replies":[{"embeddable":true,"href":"https:\/\/www.sudoestehoje.com.br\/novoportal\/wp-json\/wp\/v2\/comments?post=76987"}],"version-history":[{"count":1,"href":"https:\/\/www.sudoestehoje.com.br\/novoportal\/wp-json\/wp\/v2\/posts\/76987\/revisions"}],"predecessor-version":[{"id":76989,"href":"https:\/\/www.sudoestehoje.com.br\/novoportal\/wp-json\/wp\/v2\/posts\/76987\/revisions\/76989"}],"wp:featuredmedia":[{"embeddable":true,"href":"https:\/\/www.sudoestehoje.com.br\/novoportal\/wp-json\/wp\/v2\/media\/76988"}],"wp:attachment":[{"href":"https:\/\/www.sudoestehoje.com.br\/novoportal\/wp-json\/wp\/v2\/media?parent=76987"}],"wp:term":[{"taxonomy":"category","embeddable":true,"href":"https:\/\/www.sudoestehoje.com.br\/novoportal\/wp-json\/wp\/v2\/categories?post=76987"},{"taxonomy":"post_tag","embeddable":true,"href":"https:\/\/www.sudoestehoje.com.br\/novoportal\/wp-json\/wp\/v2\/tags?post=76987"}],"curies":[{"name":"wp","href":"https:\/\/api.w.org\/{rel}","templated":true}]}}