
{"id":76984,"date":"2018-12-10T11:06:34","date_gmt":"2018-12-10T14:06:34","guid":{"rendered":"http:\/\/www.sudoestehoje.com.br\/novoportal\/?p=76984"},"modified":"2018-12-10T18:10:31","modified_gmt":"2018-12-10T21:10:31","slug":"mais-um-prefeito-de-niteroi-e-preso-em-desdobramento-da-lava-jato","status":"publish","type":"post","link":"https:\/\/www.sudoestehoje.com.br\/novoportal\/2018\/12\/10\/mais-um-prefeito-de-niteroi-e-preso-em-desdobramento-da-lava-jato\/","title":{"rendered":"MAIS UM: PREFEITO DE NITER\u00d3I \u00c9 PRESO EM DESDOBRAMENTO DA LAVA JATO"},"content":{"rendered":"<p><a href=\"http:\/\/www.sudoestehoje.com.br\/novoportal\/wp-content\/uploads\/2018\/12\/PREFEITO-NITEROI.jpg\"><img loading=\"lazy\" decoding=\"async\" class=\"aligncenter size-medium wp-image-76985\" src=\"http:\/\/www.sudoestehoje.com.br\/novoportal\/wp-content\/uploads\/2018\/12\/PREFEITO-NITEROI-500x282.jpg\" alt=\"\" width=\"500\" height=\"282\" srcset=\"https:\/\/www.sudoestehoje.com.br\/novoportal\/wp-content\/uploads\/2018\/12\/PREFEITO-NITEROI-500x282.jpg 500w, https:\/\/www.sudoestehoje.com.br\/novoportal\/wp-content\/uploads\/2018\/12\/PREFEITO-NITEROI.jpg 666w\" sizes=\"auto, (max-width: 500px) 100vw, 500px\" \/><\/a><\/p>\n<p>A Pol\u00edcia Federal prendeu na manh\u00e3 desta segunda-feira, 10, o prefeito de Niter\u00f3i Rodrigo Neves (PDT). A opera\u00e7\u00e3o \u00e9 um desdobramento da Lava Jato e investiga o desvio de mais de R$ 10 milh\u00f5es da verba de transporte no munic\u00edpio fluminense.<\/p>\n<p>A opera\u00e7\u00e3o \u00e9 baseada na dela\u00e7\u00e3o do ex-dirigente da Fetranspor Marcelo Tra\u00e7a e cumpre ainda outros tr\u00eas mandados de pris\u00e3o e 19 de busca e apreens\u00e3o. Os cinco denunciados, incluindo Tra\u00e7a e Neves, v\u00e3o responder por peculato e corrup\u00e7\u00e3o ativa e passiva.<\/p>\n<p>Segundo informa\u00e7\u00f5es do G1, o prefeito de Niter\u00f3i \u00e9 apontado como l\u00edder de esquema que cobrava das empresas de \u00f4nibus consorciadas do munic\u00edpio 20% sobre os valores do reembolso da gratuidade de passagens, concedido a alunos da rede p\u00fablica de ensino, idosos e pessoas portadoras de necessidades especiais.<\/p>\n","protected":false},"excerpt":{"rendered":"<p>A Pol\u00edcia Federal prendeu na manh\u00e3 desta segunda-feira, 10, o prefeito de Niter\u00f3i Rodrigo Neves (PDT). A opera\u00e7\u00e3o \u00e9 um desdobramento da Lava Jato e investiga o desvio de mais de R$ 10 milh\u00f5es da verba de transporte no munic\u00edpio fluminense. A opera\u00e7\u00e3o \u00e9 baseada na dela\u00e7\u00e3o do ex-dirigente da Fetranspor Marcelo Tra\u00e7a e cumpre [&hellip;]<\/p>\n","protected":false},"author":2,"featured_media":76985,"comment_status":"open","ping_status":"open","sticky":false,"template":"","format":"standard","meta":{"footnotes":"","_links_to":"","_links_to_target":""},"categories":[1],"tags":[],"class_list":["post-76984","post","type-post","status-publish","format-standard","has-post-thumbnail","hentry","category-geral"],"views":1120,"_links":{"self":[{"href":"https:\/\/www.sudoestehoje.com.br\/novoportal\/wp-json\/wp\/v2\/posts\/76984","targetHints":{"allow":["GET"]}}],"collection":[{"href":"https:\/\/www.sudoestehoje.com.br\/novoportal\/wp-json\/wp\/v2\/posts"}],"about":[{"href":"https:\/\/www.sudoestehoje.com.br\/novoportal\/wp-json\/wp\/v2\/types\/post"}],"author":[{"embeddable":true,"href":"https:\/\/www.sudoestehoje.com.br\/novoportal\/wp-json\/wp\/v2\/users\/2"}],"replies":[{"embeddable":true,"href":"https:\/\/www.sudoestehoje.com.br\/novoportal\/wp-json\/wp\/v2\/comments?post=76984"}],"version-history":[{"count":1,"href":"https:\/\/www.sudoestehoje.com.br\/novoportal\/wp-json\/wp\/v2\/posts\/76984\/revisions"}],"predecessor-version":[{"id":76986,"href":"https:\/\/www.sudoestehoje.com.br\/novoportal\/wp-json\/wp\/v2\/posts\/76984\/revisions\/76986"}],"wp:featuredmedia":[{"embeddable":true,"href":"https:\/\/www.sudoestehoje.com.br\/novoportal\/wp-json\/wp\/v2\/media\/76985"}],"wp:attachment":[{"href":"https:\/\/www.sudoestehoje.com.br\/novoportal\/wp-json\/wp\/v2\/media?parent=76984"}],"wp:term":[{"taxonomy":"category","embeddable":true,"href":"https:\/\/www.sudoestehoje.com.br\/novoportal\/wp-json\/wp\/v2\/categories?post=76984"},{"taxonomy":"post_tag","embeddable":true,"href":"https:\/\/www.sudoestehoje.com.br\/novoportal\/wp-json\/wp\/v2\/tags?post=76984"}],"curies":[{"name":"wp","href":"https:\/\/api.w.org\/{rel}","templated":true}]}}