
{"id":76922,"date":"2018-12-07T01:14:43","date_gmt":"2018-12-07T04:14:43","guid":{"rendered":"http:\/\/www.sudoestehoje.com.br\/novoportal\/?p=76922"},"modified":"2018-12-07T01:14:43","modified_gmt":"2018-12-07T04:14:43","slug":"camara-aprova-projeto-de-antonio-brito-que-cria-pensao-especial-para-portadores-de-microcefalia","status":"publish","type":"post","link":"https:\/\/www.sudoestehoje.com.br\/novoportal\/2018\/12\/07\/camara-aprova-projeto-de-antonio-brito-que-cria-pensao-especial-para-portadores-de-microcefalia\/","title":{"rendered":"C\u00c2MARA APROVA PROJETO DE ANT\u00d4NIO BRITO QUE CRIA PENS\u00c3O ESPECIAL PARA PORTADORES DE MICROCEFALIA"},"content":{"rendered":"<p><a href=\"http:\/\/www.sudoestehoje.com.br\/novoportal\/wp-content\/uploads\/2018\/12\/BRITO-4.jpg\"><img loading=\"lazy\" decoding=\"async\" class=\"aligncenter size-medium wp-image-76924\" src=\"http:\/\/www.sudoestehoje.com.br\/novoportal\/wp-content\/uploads\/2018\/12\/BRITO-4-500x322.jpg\" alt=\"\" width=\"500\" height=\"322\" srcset=\"https:\/\/www.sudoestehoje.com.br\/novoportal\/wp-content\/uploads\/2018\/12\/BRITO-4-500x322.jpg 500w, https:\/\/www.sudoestehoje.com.br\/novoportal\/wp-content\/uploads\/2018\/12\/BRITO-4-768x495.jpg 768w, https:\/\/www.sudoestehoje.com.br\/novoportal\/wp-content\/uploads\/2018\/12\/BRITO-4-700x451.jpg 700w, https:\/\/www.sudoestehoje.com.br\/novoportal\/wp-content\/uploads\/2018\/12\/BRITO-4.jpg 960w\" sizes=\"auto, (max-width: 500px) 100vw, 500px\" \/><\/a><\/p>\n<p>Foi aprovado, na manh\u00e3 de hoje (5), na Comiss\u00e3o de Seguridade Social e Fam\u00edlia da C\u00e2mara, o Projeto de Lei n\u00ba 6984\/2017, de autoria do deputado federal Antonio Brito, que assegura, na forma do substitutivo, pens\u00e3o especial, mensal e vital\u00edcia \u00e0s pessoas com microcefalia ou com a s\u00edndrome Guillain-Barr\u00e9, por infec\u00e7\u00e3o causada pelo v\u00edrus Zika.<\/p>\n<p>Para tanto, estes indiv\u00edduos devem apresentar defici\u00eancia f\u00edsica, mental, intelectual ou sensorial de longo prazo, que as impossibilite de participar na sociedade em igualdade de condi\u00e7\u00f5es com as demais pessoas. Agora, o Projeto segue para a an\u00e1lise da Comiss\u00e3o de Finan\u00e7as e Tributa\u00e7\u00e3o.<\/p>\n","protected":false},"excerpt":{"rendered":"<p>Foi aprovado, na manh\u00e3 de hoje (5), na Comiss\u00e3o de Seguridade Social e Fam\u00edlia da C\u00e2mara, o Projeto de Lei n\u00ba 6984\/2017, de autoria do deputado federal Antonio Brito, que assegura, na forma do substitutivo, pens\u00e3o especial, mensal e vital\u00edcia \u00e0s pessoas com microcefalia ou com a s\u00edndrome Guillain-Barr\u00e9, por infec\u00e7\u00e3o causada pelo v\u00edrus Zika. [&hellip;]<\/p>\n","protected":false},"author":2,"featured_media":76924,"comment_status":"open","ping_status":"open","sticky":false,"template":"","format":"standard","meta":{"footnotes":"","_links_to":"","_links_to_target":""},"categories":[1],"tags":[],"class_list":["post-76922","post","type-post","status-publish","format-standard","has-post-thumbnail","hentry","category-geral"],"views":1066,"_links":{"self":[{"href":"https:\/\/www.sudoestehoje.com.br\/novoportal\/wp-json\/wp\/v2\/posts\/76922","targetHints":{"allow":["GET"]}}],"collection":[{"href":"https:\/\/www.sudoestehoje.com.br\/novoportal\/wp-json\/wp\/v2\/posts"}],"about":[{"href":"https:\/\/www.sudoestehoje.com.br\/novoportal\/wp-json\/wp\/v2\/types\/post"}],"author":[{"embeddable":true,"href":"https:\/\/www.sudoestehoje.com.br\/novoportal\/wp-json\/wp\/v2\/users\/2"}],"replies":[{"embeddable":true,"href":"https:\/\/www.sudoestehoje.com.br\/novoportal\/wp-json\/wp\/v2\/comments?post=76922"}],"version-history":[{"count":2,"href":"https:\/\/www.sudoestehoje.com.br\/novoportal\/wp-json\/wp\/v2\/posts\/76922\/revisions"}],"predecessor-version":[{"id":76925,"href":"https:\/\/www.sudoestehoje.com.br\/novoportal\/wp-json\/wp\/v2\/posts\/76922\/revisions\/76925"}],"wp:featuredmedia":[{"embeddable":true,"href":"https:\/\/www.sudoestehoje.com.br\/novoportal\/wp-json\/wp\/v2\/media\/76924"}],"wp:attachment":[{"href":"https:\/\/www.sudoestehoje.com.br\/novoportal\/wp-json\/wp\/v2\/media?parent=76922"}],"wp:term":[{"taxonomy":"category","embeddable":true,"href":"https:\/\/www.sudoestehoje.com.br\/novoportal\/wp-json\/wp\/v2\/categories?post=76922"},{"taxonomy":"post_tag","embeddable":true,"href":"https:\/\/www.sudoestehoje.com.br\/novoportal\/wp-json\/wp\/v2\/tags?post=76922"}],"curies":[{"name":"wp","href":"https:\/\/api.w.org\/{rel}","templated":true}]}}