
{"id":76909,"date":"2018-12-06T21:50:07","date_gmt":"2018-12-07T00:50:07","guid":{"rendered":"http:\/\/www.sudoestehoje.com.br\/novoportal\/?p=76909"},"modified":"2018-12-06T21:51:33","modified_gmt":"2018-12-07T00:51:33","slug":"servidores-do-estado-podem-paralisar-segunda-e-terca-contra-pacotao-de-rui","status":"publish","type":"post","link":"https:\/\/www.sudoestehoje.com.br\/novoportal\/2018\/12\/06\/servidores-do-estado-podem-paralisar-segunda-e-terca-contra-pacotao-de-rui\/","title":{"rendered":"SERVIDORES DO ESTADO PODEM PARALISAR SEGUNDA E TER\u00c7A CONTRA &#8216;PACOT\u00c3O&#8217; DE RUI"},"content":{"rendered":"<div><a href=\"http:\/\/www.sudoestehoje.com.br\/novoportal\/wp-content\/uploads\/2018\/12\/SERV.jpg\"><img loading=\"lazy\" decoding=\"async\" class=\"aligncenter size-medium wp-image-76910\" src=\"http:\/\/www.sudoestehoje.com.br\/novoportal\/wp-content\/uploads\/2018\/12\/SERV-500x281.jpg\" alt=\"\" width=\"500\" height=\"281\" srcset=\"https:\/\/www.sudoestehoje.com.br\/novoportal\/wp-content\/uploads\/2018\/12\/SERV-500x281.jpg 500w, https:\/\/www.sudoestehoje.com.br\/novoportal\/wp-content\/uploads\/2018\/12\/SERV-768x431.jpg 768w, https:\/\/www.sudoestehoje.com.br\/novoportal\/wp-content\/uploads\/2018\/12\/SERV-700x393.jpg 700w, https:\/\/www.sudoestehoje.com.br\/novoportal\/wp-content\/uploads\/2018\/12\/SERV.jpg 890w\" sizes=\"auto, (max-width: 500px) 100vw, 500px\" \/><\/a><\/div>\n<div>\n<p>O pol\u00eamico &#8220;pacot\u00e3o&#8221; de Rui Costa (PT) enviado para a Assembleia Legislativa da Bahia (AL-BA) continua rendendo debates. Na tarde desta quinta-feira (6), foi realizada uma mobiliza\u00e7\u00e3o organizada pela APLB-Sindicato, Sindsa\u00fade, Sindsefaz, Sinpojud, entre outros, com a participa\u00e7\u00e3o de entidades e representantes de v\u00e1rias outras categorias de servidores estaduais.<\/p>\n<p>O professor Rui Oliveira, presidente da APLB-Sindicato, afirmou que a entidade mobiliza a categoria para uma paralisa\u00e7\u00e3o geral na pr\u00f3xima segunda (10) e ter\u00e7a (11). &#8220;N\u00f3s fizemos uma grande manifesta\u00e7\u00e3o aqui na Assembleia Legislativa. Como tinha um projeto sobrestando a pauta, ele deveria ser votado. A oposi\u00e7\u00e3o pediu vista e suspendeu a sess\u00e3o&#8221;, disse ao\u00a0<strong>BNews<\/strong>.<\/p>\n<p>Um dos pontos mais pol\u00eamicos do pacote \u00e9 o aumento da al\u00edquota da Previd\u00eancia Social, de 12% para 14%. Segundo Rui Oliveira, os demais sindicatos ainda decidir\u00e3o se ir\u00e3o ou n\u00e3o aderir ao movimento paradista da semana que vem. &#8220;N\u00f3s estamos convocando todas as categorias do funcionalismo p\u00fablico para se mobilizarem. N\u00f3s da APLB estamos recomendando parar a rede estadual na segunda e ter\u00e7a, com atos durante a tarde aqui&#8221;, completou.<\/p>\n<p>Ser\u00e1 que n\u00e3o bateu aquele arrependimento?<\/p>\n<\/div>\n","protected":false},"excerpt":{"rendered":"<p>O pol\u00eamico &#8220;pacot\u00e3o&#8221; de Rui Costa (PT) enviado para a Assembleia Legislativa da Bahia (AL-BA) continua rendendo debates. Na tarde desta quinta-feira (6), foi realizada uma mobiliza\u00e7\u00e3o organizada pela APLB-Sindicato, Sindsa\u00fade, Sindsefaz, Sinpojud, entre outros, com a participa\u00e7\u00e3o de entidades e representantes de v\u00e1rias outras categorias de servidores estaduais. O professor Rui Oliveira, presidente da [&hellip;]<\/p>\n","protected":false},"author":2,"featured_media":76910,"comment_status":"open","ping_status":"open","sticky":false,"template":"","format":"standard","meta":{"footnotes":"","_links_to":"","_links_to_target":""},"categories":[1],"tags":[],"class_list":["post-76909","post","type-post","status-publish","format-standard","has-post-thumbnail","hentry","category-geral"],"views":1285,"_links":{"self":[{"href":"https:\/\/www.sudoestehoje.com.br\/novoportal\/wp-json\/wp\/v2\/posts\/76909","targetHints":{"allow":["GET"]}}],"collection":[{"href":"https:\/\/www.sudoestehoje.com.br\/novoportal\/wp-json\/wp\/v2\/posts"}],"about":[{"href":"https:\/\/www.sudoestehoje.com.br\/novoportal\/wp-json\/wp\/v2\/types\/post"}],"author":[{"embeddable":true,"href":"https:\/\/www.sudoestehoje.com.br\/novoportal\/wp-json\/wp\/v2\/users\/2"}],"replies":[{"embeddable":true,"href":"https:\/\/www.sudoestehoje.com.br\/novoportal\/wp-json\/wp\/v2\/comments?post=76909"}],"version-history":[{"count":5,"href":"https:\/\/www.sudoestehoje.com.br\/novoportal\/wp-json\/wp\/v2\/posts\/76909\/revisions"}],"predecessor-version":[{"id":76915,"href":"https:\/\/www.sudoestehoje.com.br\/novoportal\/wp-json\/wp\/v2\/posts\/76909\/revisions\/76915"}],"wp:featuredmedia":[{"embeddable":true,"href":"https:\/\/www.sudoestehoje.com.br\/novoportal\/wp-json\/wp\/v2\/media\/76910"}],"wp:attachment":[{"href":"https:\/\/www.sudoestehoje.com.br\/novoportal\/wp-json\/wp\/v2\/media?parent=76909"}],"wp:term":[{"taxonomy":"category","embeddable":true,"href":"https:\/\/www.sudoestehoje.com.br\/novoportal\/wp-json\/wp\/v2\/categories?post=76909"},{"taxonomy":"post_tag","embeddable":true,"href":"https:\/\/www.sudoestehoje.com.br\/novoportal\/wp-json\/wp\/v2\/tags?post=76909"}],"curies":[{"name":"wp","href":"https:\/\/api.w.org\/{rel}","templated":true}]}}