
{"id":76894,"date":"2018-12-06T23:57:22","date_gmt":"2018-12-07T02:57:22","guid":{"rendered":"http:\/\/www.sudoestehoje.com.br\/novoportal\/?p=76894"},"modified":"2018-12-06T23:57:22","modified_gmt":"2018-12-07T02:57:22","slug":"itapetinga-vereadores-prestam-queixa-contra-propaganda-difamatoria-divulgada-em-carro-de-som","status":"publish","type":"post","link":"https:\/\/www.sudoestehoje.com.br\/novoportal\/2018\/12\/06\/itapetinga-vereadores-prestam-queixa-contra-propaganda-difamatoria-divulgada-em-carro-de-som\/","title":{"rendered":"ITAPETINGA: VEREADORES PRESTAM QUEIXA CONTRA PROPAGANDA DIFAMAT\u00d3RIA DIVULGADA EM CARRO DE SOM"},"content":{"rendered":"<p><a href=\"http:\/\/www.sudoestehoje.com.br\/novoportal\/wp-content\/uploads\/2018\/12\/Queixa-vereadorres.jpg\"><img loading=\"lazy\" decoding=\"async\" class=\"aligncenter size-medium wp-image-76895\" src=\"http:\/\/www.sudoestehoje.com.br\/novoportal\/wp-content\/uploads\/2018\/12\/Queixa-vereadorres-500x375.jpg\" alt=\"\" width=\"500\" height=\"375\" srcset=\"https:\/\/www.sudoestehoje.com.br\/novoportal\/wp-content\/uploads\/2018\/12\/Queixa-vereadorres-500x375.jpg 500w, https:\/\/www.sudoestehoje.com.br\/novoportal\/wp-content\/uploads\/2018\/12\/Queixa-vereadorres-768x576.jpg 768w, https:\/\/www.sudoestehoje.com.br\/novoportal\/wp-content\/uploads\/2018\/12\/Queixa-vereadorres-700x525.jpg 700w, https:\/\/www.sudoestehoje.com.br\/novoportal\/wp-content\/uploads\/2018\/12\/Queixa-vereadorres.jpg 960w\" sizes=\"auto, (max-width: 500px) 100vw, 500px\" \/><\/a><\/p>\n<p>Na tarde desta quinta-feira (6), oito vereadores do munic\u00edpio de Itapetinga compareceram ao Complexo Policial para prestar queixa e pedir investiga\u00e7\u00e3o da pol\u00edcia civil contra os supostos autores de uma propaganda difamat\u00f3ria feita atrav\u00e9s de um carro de som que circulou pela cidade, por tr\u00eas dias consecutivos.<\/p>\n<p>Na queixa prestada inicialmente contra o propriet\u00e1rio do referido carro de som, os vereadores alegaram que seus nomes foram citados expressamente na grava\u00e7\u00e3o propagada por toda a cidade, se referindo pejorativamente contra eles e com informa\u00e7\u00f5es mentirosas e distorcidas a respeito de um projeto de lei em curso na C\u00e2mara Municipal, instituindo o C\u00f3digo Tribut\u00e1rio Municipal, de autoria do executivo.<\/p>\n<p>Segundo informa\u00e7\u00f5es colhidas pelo blog, o ato difamat\u00f3rio teria sido encomendado por comunicadores e vereadores ligados \u00e0 <strong><em>&#8220;bancada do \u00f3dio&#8221; (antiga bancada da chupeta)<\/em><\/strong>, que n\u00e3o respeitam os limites \u00e9ticos e v\u00eam tratando a quest\u00e3o do novo C\u00f3digo Tribut\u00e1rio Municipal com mentiras, desrespeito e agress\u00f5es contra os demais vereadores e o chefe do executivo.<\/p>\n<p>Prestaram queixa os vereadores <strong><em>Jo\u00e3o de Deus, Tarug\u00e3o, Nailton Negreiro, Sargento Alberto, Naara Duarte, Jair Saloes, Anderson da Nova e Fabiano Bahia.<\/em><\/strong><\/p>\n<p>A Pol\u00edcia Civil vai investigar e adotar as provid\u00eancias legais com vistas a punir os autores e executores da propaganda difamat\u00f3ria contra os edis.<\/p>\n<p><strong><em>Por Davi Ferraz<\/em><\/strong><\/p>\n","protected":false},"excerpt":{"rendered":"<p>Na tarde desta quinta-feira (6), oito vereadores do munic\u00edpio de Itapetinga compareceram ao Complexo Policial para prestar queixa e pedir investiga\u00e7\u00e3o da pol\u00edcia civil contra os supostos autores de uma propaganda difamat\u00f3ria feita atrav\u00e9s de um carro de som que circulou pela cidade, por tr\u00eas dias consecutivos. Na queixa prestada inicialmente contra o propriet\u00e1rio do [&hellip;]<\/p>\n","protected":false},"author":2,"featured_media":76895,"comment_status":"open","ping_status":"open","sticky":false,"template":"","format":"standard","meta":{"footnotes":"","_links_to":"","_links_to_target":""},"categories":[1],"tags":[],"class_list":["post-76894","post","type-post","status-publish","format-standard","has-post-thumbnail","hentry","category-geral"],"views":1542,"_links":{"self":[{"href":"https:\/\/www.sudoestehoje.com.br\/novoportal\/wp-json\/wp\/v2\/posts\/76894","targetHints":{"allow":["GET"]}}],"collection":[{"href":"https:\/\/www.sudoestehoje.com.br\/novoportal\/wp-json\/wp\/v2\/posts"}],"about":[{"href":"https:\/\/www.sudoestehoje.com.br\/novoportal\/wp-json\/wp\/v2\/types\/post"}],"author":[{"embeddable":true,"href":"https:\/\/www.sudoestehoje.com.br\/novoportal\/wp-json\/wp\/v2\/users\/2"}],"replies":[{"embeddable":true,"href":"https:\/\/www.sudoestehoje.com.br\/novoportal\/wp-json\/wp\/v2\/comments?post=76894"}],"version-history":[{"count":7,"href":"https:\/\/www.sudoestehoje.com.br\/novoportal\/wp-json\/wp\/v2\/posts\/76894\/revisions"}],"predecessor-version":[{"id":76921,"href":"https:\/\/www.sudoestehoje.com.br\/novoportal\/wp-json\/wp\/v2\/posts\/76894\/revisions\/76921"}],"wp:featuredmedia":[{"embeddable":true,"href":"https:\/\/www.sudoestehoje.com.br\/novoportal\/wp-json\/wp\/v2\/media\/76895"}],"wp:attachment":[{"href":"https:\/\/www.sudoestehoje.com.br\/novoportal\/wp-json\/wp\/v2\/media?parent=76894"}],"wp:term":[{"taxonomy":"category","embeddable":true,"href":"https:\/\/www.sudoestehoje.com.br\/novoportal\/wp-json\/wp\/v2\/categories?post=76894"},{"taxonomy":"post_tag","embeddable":true,"href":"https:\/\/www.sudoestehoje.com.br\/novoportal\/wp-json\/wp\/v2\/tags?post=76894"}],"curies":[{"name":"wp","href":"https:\/\/api.w.org\/{rel}","templated":true}]}}