
{"id":76855,"date":"2018-12-03T19:08:59","date_gmt":"2018-12-03T22:08:59","guid":{"rendered":"http:\/\/www.sudoestehoje.com.br\/novoportal\/?p=76855"},"modified":"2018-12-03T19:08:59","modified_gmt":"2018-12-03T22:08:59","slug":"bahia-nove-orgaos-do-estado-serao-reestruturados-e-1-372-cargos-extintos","status":"publish","type":"post","link":"https:\/\/www.sudoestehoje.com.br\/novoportal\/2018\/12\/03\/bahia-nove-orgaos-do-estado-serao-reestruturados-e-1-372-cargos-extintos\/","title":{"rendered":"BAHIA: NOVE \u00d3RG\u00c3OS DO ESTADO SER\u00c3O REESTRUTURADOS E 1.372 CARGOS EXTINTOS"},"content":{"rendered":"<p class=\"bodytext\"><a href=\"http:\/\/www.sudoestehoje.com.br\/novoportal\/wp-content\/uploads\/2018\/12\/RUI-TESOURA.jpeg\"><img loading=\"lazy\" decoding=\"async\" class=\"aligncenter size-medium wp-image-76856\" src=\"http:\/\/www.sudoestehoje.com.br\/novoportal\/wp-content\/uploads\/2018\/12\/RUI-TESOURA-500x375.jpeg\" alt=\"\" width=\"500\" height=\"375\" srcset=\"https:\/\/www.sudoestehoje.com.br\/novoportal\/wp-content\/uploads\/2018\/12\/RUI-TESOURA-500x375.jpeg 500w, https:\/\/www.sudoestehoje.com.br\/novoportal\/wp-content\/uploads\/2018\/12\/RUI-TESOURA-768x576.jpeg 768w, https:\/\/www.sudoestehoje.com.br\/novoportal\/wp-content\/uploads\/2018\/12\/RUI-TESOURA-700x525.jpeg 700w, https:\/\/www.sudoestehoje.com.br\/novoportal\/wp-content\/uploads\/2018\/12\/RUI-TESOURA.jpeg 940w\" sizes=\"auto, (max-width: 500px) 100vw, 500px\" \/><\/a><\/p>\n<p class=\"bodytext\">O projeto de Reforma Administrativa enviado pelo governo do estado \u00e0 Assembleia Legislativa prev\u00ea a reestrutura\u00e7\u00e3o de nove \u00f3rg\u00e3os estaduais, que ter\u00e3o estrutura mais enxuta. Os cortes ser\u00e3o feitos com o objetivo de reduzir as despesas do estado, que enfrenta dificuldades para fechar as contas deste ano.<\/p>\n<p class=\"bodytext\">A &#8216;reestrutura\u00e7\u00e3o&#8217; vai atingir <strong><em>CAR, Adab, Bahiater, CBPM, EGBA, Inema, Ibametro, Juceb e Procon. O projeto prev\u00ea ainda a extin\u00e7\u00e3o do Centro Industrial Suba\u00e9 (CIS) e a Superintend\u00eancia de Desenvolvimento Industrial e Comercial (Sudic), que ser\u00e3o integradas \u00e0 estrutura da Secretaria de Desenvolvimento Econ\u00f4mico (SDE). A Conder tamb\u00e9m ser\u00e1 extinta.\u00a0<\/em><\/strong><\/p>\n<p class=\"bodytext\">A Bahia Pesca, por sua vez, poder\u00e1 ser adquirida pela iniciativa privada ou ser gerida por uma Parceria P\u00fablico-Privada (PPP). Ao todo, <strong><em>a previs\u00e3o \u00e9 que 1.372 cargos comissionados sejam extintos.<\/em> <\/strong>&#8220;O nosso grande desafio, neste momento, \u00e9 prestar servi\u00e7os com elevado grau de efici\u00eancia para toda a sociedade&#8221;, afirmou o governador Rui Costa (PT).<\/p>\n<div id=\"sc-ava-86261394\">Outro projeto enviado por Rui ao Legislativo prop\u00f5e o aumento de 12% para 14% da al\u00edquota da contribui\u00e7\u00e3o previdenci\u00e1ria dos servidores do estado. O objetivo \u00e9 frear o rombo da Previd\u00eancia estadual, que j\u00e1 supera os R$ 4 bilh\u00f5es. O reajuste vai atingir 159 mil servidores, entre ativos, inativos e pensionistas. \/\/<strong><em>Correio<\/em><\/strong><\/div>\n<div><\/div>\n","protected":false},"excerpt":{"rendered":"<p>O projeto de Reforma Administrativa enviado pelo governo do estado \u00e0 Assembleia Legislativa prev\u00ea a reestrutura\u00e7\u00e3o de nove \u00f3rg\u00e3os estaduais, que ter\u00e3o estrutura mais enxuta. Os cortes ser\u00e3o feitos com o objetivo de reduzir as despesas do estado, que enfrenta dificuldades para fechar as contas deste ano. A &#8216;reestrutura\u00e7\u00e3o&#8217; vai atingir CAR, Adab, Bahiater, CBPM, [&hellip;]<\/p>\n","protected":false},"author":2,"featured_media":76856,"comment_status":"open","ping_status":"open","sticky":false,"template":"","format":"standard","meta":{"footnotes":"","_links_to":"","_links_to_target":""},"categories":[1],"tags":[],"class_list":["post-76855","post","type-post","status-publish","format-standard","has-post-thumbnail","hentry","category-geral"],"views":1025,"_links":{"self":[{"href":"https:\/\/www.sudoestehoje.com.br\/novoportal\/wp-json\/wp\/v2\/posts\/76855","targetHints":{"allow":["GET"]}}],"collection":[{"href":"https:\/\/www.sudoestehoje.com.br\/novoportal\/wp-json\/wp\/v2\/posts"}],"about":[{"href":"https:\/\/www.sudoestehoje.com.br\/novoportal\/wp-json\/wp\/v2\/types\/post"}],"author":[{"embeddable":true,"href":"https:\/\/www.sudoestehoje.com.br\/novoportal\/wp-json\/wp\/v2\/users\/2"}],"replies":[{"embeddable":true,"href":"https:\/\/www.sudoestehoje.com.br\/novoportal\/wp-json\/wp\/v2\/comments?post=76855"}],"version-history":[{"count":4,"href":"https:\/\/www.sudoestehoje.com.br\/novoportal\/wp-json\/wp\/v2\/posts\/76855\/revisions"}],"predecessor-version":[{"id":76860,"href":"https:\/\/www.sudoestehoje.com.br\/novoportal\/wp-json\/wp\/v2\/posts\/76855\/revisions\/76860"}],"wp:featuredmedia":[{"embeddable":true,"href":"https:\/\/www.sudoestehoje.com.br\/novoportal\/wp-json\/wp\/v2\/media\/76856"}],"wp:attachment":[{"href":"https:\/\/www.sudoestehoje.com.br\/novoportal\/wp-json\/wp\/v2\/media?parent=76855"}],"wp:term":[{"taxonomy":"category","embeddable":true,"href":"https:\/\/www.sudoestehoje.com.br\/novoportal\/wp-json\/wp\/v2\/categories?post=76855"},{"taxonomy":"post_tag","embeddable":true,"href":"https:\/\/www.sudoestehoje.com.br\/novoportal\/wp-json\/wp\/v2\/tags?post=76855"}],"curies":[{"name":"wp","href":"https:\/\/api.w.org\/{rel}","templated":true}]}}