
{"id":76819,"date":"2018-12-01T21:25:13","date_gmt":"2018-12-02T00:25:13","guid":{"rendered":"http:\/\/www.sudoestehoje.com.br\/novoportal\/?p=76819"},"modified":"2018-12-01T21:25:13","modified_gmt":"2018-12-02T00:25:13","slug":"decoracao-de-onibus-da-viacao-itapetinga-anuncia-que-ja-e-natal","status":"publish","type":"post","link":"https:\/\/www.sudoestehoje.com.br\/novoportal\/2018\/12\/01\/decoracao-de-onibus-da-viacao-itapetinga-anuncia-que-ja-e-natal\/","title":{"rendered":"DECORA\u00c7\u00c3O DE \u00d4NIBUS DA VIA\u00c7\u00c3O ITAPETINGA ANUNCIA QUE J\u00c1 \u00c9 NATAL"},"content":{"rendered":"<p><a href=\"http:\/\/www.sudoestehoje.com.br\/novoportal\/wp-content\/uploads\/2018\/12\/onibus-natal.jpg\"><img loading=\"lazy\" decoding=\"async\" class=\"aligncenter size-medium wp-image-76821\" src=\"http:\/\/www.sudoestehoje.com.br\/novoportal\/wp-content\/uploads\/2018\/12\/onibus-natal-500x500.jpg\" alt=\"\" width=\"500\" height=\"500\" srcset=\"https:\/\/www.sudoestehoje.com.br\/novoportal\/wp-content\/uploads\/2018\/12\/onibus-natal-500x500.jpg 500w, https:\/\/www.sudoestehoje.com.br\/novoportal\/wp-content\/uploads\/2018\/12\/onibus-natal-150x150.jpg 150w, https:\/\/www.sudoestehoje.com.br\/novoportal\/wp-content\/uploads\/2018\/12\/onibus-natal-768x768.jpg 768w, https:\/\/www.sudoestehoje.com.br\/novoportal\/wp-content\/uploads\/2018\/12\/onibus-natal-700x700.jpg 700w, https:\/\/www.sudoestehoje.com.br\/novoportal\/wp-content\/uploads\/2018\/12\/onibus-natal.jpg 960w\" sizes=\"auto, (max-width: 500px) 100vw, 500px\" \/><\/a><\/p>\n<p>Seguindo a tradi\u00e7\u00e3o de homenagear eventos e datas importantes, a Via\u00e7\u00e3o Itapetinga decorou um dos seus \u00f4nibus com os temas do Natal, entrando antecipadamente no clima de festa.<\/p>\n<p>A partir desta semana, h\u00e1 menos de um m\u00eas da comemora\u00e7\u00e3o, o ve\u00edculo come\u00e7ou a circular pela cidade,\u00a0 com luzes, enfeites tipicamente natalinos, chamando \u00e0 aten\u00e7\u00e3o da popula\u00e7\u00e3o, por onde passa.<\/p>\n<p><em>Reda\u00e7\u00e3o SH<\/em><\/p>\n","protected":false},"excerpt":{"rendered":"<p>Seguindo a tradi\u00e7\u00e3o de homenagear eventos e datas importantes, a Via\u00e7\u00e3o Itapetinga decorou um dos seus \u00f4nibus com os temas do Natal, entrando antecipadamente no clima de festa. A partir desta semana, h\u00e1 menos de um m\u00eas da comemora\u00e7\u00e3o, o ve\u00edculo come\u00e7ou a circular pela cidade,\u00a0 com luzes, enfeites tipicamente natalinos, chamando \u00e0 aten\u00e7\u00e3o da [&hellip;]<\/p>\n","protected":false},"author":2,"featured_media":76821,"comment_status":"open","ping_status":"open","sticky":false,"template":"","format":"standard","meta":{"footnotes":"","_links_to":"","_links_to_target":""},"categories":[1],"tags":[],"class_list":["post-76819","post","type-post","status-publish","format-standard","has-post-thumbnail","hentry","category-geral"],"views":1717,"_links":{"self":[{"href":"https:\/\/www.sudoestehoje.com.br\/novoportal\/wp-json\/wp\/v2\/posts\/76819","targetHints":{"allow":["GET"]}}],"collection":[{"href":"https:\/\/www.sudoestehoje.com.br\/novoportal\/wp-json\/wp\/v2\/posts"}],"about":[{"href":"https:\/\/www.sudoestehoje.com.br\/novoportal\/wp-json\/wp\/v2\/types\/post"}],"author":[{"embeddable":true,"href":"https:\/\/www.sudoestehoje.com.br\/novoportal\/wp-json\/wp\/v2\/users\/2"}],"replies":[{"embeddable":true,"href":"https:\/\/www.sudoestehoje.com.br\/novoportal\/wp-json\/wp\/v2\/comments?post=76819"}],"version-history":[{"count":3,"href":"https:\/\/www.sudoestehoje.com.br\/novoportal\/wp-json\/wp\/v2\/posts\/76819\/revisions"}],"predecessor-version":[{"id":76823,"href":"https:\/\/www.sudoestehoje.com.br\/novoportal\/wp-json\/wp\/v2\/posts\/76819\/revisions\/76823"}],"wp:featuredmedia":[{"embeddable":true,"href":"https:\/\/www.sudoestehoje.com.br\/novoportal\/wp-json\/wp\/v2\/media\/76821"}],"wp:attachment":[{"href":"https:\/\/www.sudoestehoje.com.br\/novoportal\/wp-json\/wp\/v2\/media?parent=76819"}],"wp:term":[{"taxonomy":"category","embeddable":true,"href":"https:\/\/www.sudoestehoje.com.br\/novoportal\/wp-json\/wp\/v2\/categories?post=76819"},{"taxonomy":"post_tag","embeddable":true,"href":"https:\/\/www.sudoestehoje.com.br\/novoportal\/wp-json\/wp\/v2\/tags?post=76819"}],"curies":[{"name":"wp","href":"https:\/\/api.w.org\/{rel}","templated":true}]}}