
{"id":76815,"date":"2018-12-01T18:54:51","date_gmt":"2018-12-01T21:54:51","guid":{"rendered":"http:\/\/www.sudoestehoje.com.br\/novoportal\/?p=76815"},"modified":"2018-12-01T18:54:51","modified_gmt":"2018-12-01T21:54:51","slug":"ministerio-publico-entra-com-acao-de-improbidade-contra-jaques-wagner","status":"publish","type":"post","link":"https:\/\/www.sudoestehoje.com.br\/novoportal\/2018\/12\/01\/ministerio-publico-entra-com-acao-de-improbidade-contra-jaques-wagner\/","title":{"rendered":"MINIST\u00c9RIO P\u00daBLICO ENTRA COM A\u00c7\u00c3O DE IMPROBIDADE CONTRA JAQUES WAGNER"},"content":{"rendered":"<div class=\"mc-column content-text active-extra-styles active-capital-letter\" data-block-type=\"unstyled\" data-block-weight=\"42\" data-block-id=\"2\">\n<p class=\"content-text__container theme-color-primary-first-letter\" data-track-category=\"Link no Texto\" data-track-links=\"\"><a href=\"http:\/\/www.sudoestehoje.com.br\/novoportal\/wp-content\/uploads\/2018\/12\/wagnerprint.jpg\"><img loading=\"lazy\" decoding=\"async\" class=\"aligncenter size-medium wp-image-76817\" src=\"http:\/\/www.sudoestehoje.com.br\/novoportal\/wp-content\/uploads\/2018\/12\/wagnerprint-500x313.jpg\" alt=\"\" width=\"500\" height=\"313\" srcset=\"https:\/\/www.sudoestehoje.com.br\/novoportal\/wp-content\/uploads\/2018\/12\/wagnerprint-500x313.jpg 500w, https:\/\/www.sudoestehoje.com.br\/novoportal\/wp-content\/uploads\/2018\/12\/wagnerprint.jpg 640w\" sizes=\"auto, (max-width: 500px) 100vw, 500px\" \/><\/a><\/p>\n<p class=\"content-text__container theme-color-primary-first-letter\" data-track-category=\"Link no Texto\" data-track-links=\"\">A Procuradoria da Rep\u00fablica em Bras\u00edlia entrou com a\u00e7\u00e3o civil de improbidade administrativa contra o ex-ministro da Defesa\u00a0Jaques Wagner, senador eleito pela Bahia, por suposta atua\u00e7\u00e3o indevida em nomea\u00e7\u00e3o no ano de 2015, quando ocupava o minist\u00e9rio do governo Dilma Rousseff.<\/p>\n<\/div>\n<div class=\"wall protected-content\">\n<div class=\"mc-column content-text active-extra-styles \" data-block-type=\"unstyled\" data-block-weight=\"32\" data-block-id=\"3\">\n<p class=\"content-text__container \" data-track-category=\"Link no Texto\" data-track-links=\"\">Conforme o Minist\u00e9rio P\u00fablico, Wagner atuou para a nomea\u00e7\u00e3o do segundo-tenente m\u00fasico do Ex\u00e9rcito Jeferson da Silva Figueiredo, marido da ex-ministra Ideli Salvatti, para um cargo do governo brasileiro em Washington (EUA).<\/p>\n<\/div>\n<div class=\"mc-column content-text active-extra-styles \" data-block-type=\"unstyled\" data-block-weight=\"48\" data-block-id=\"4\">\n<p class=\"content-text__container \" data-track-category=\"Link no Texto\" data-track-links=\"\">A fun\u00e7\u00e3o seria ajudante da Subsecretaria de Servi\u00e7os Administrativos e de Confer\u00eancias na Junta Interamericana de Defesa, com jornada semanal de 32 horas, pagamento mensal de U$ 7,4 mil (cerca de R$ 28 mil na cota\u00e7\u00e3o atual) e mais ajuda de custo para transfer\u00eancia de R$ 40 mil.<\/p>\n<\/div>\n<div class=\"mc-column content-text active-extra-styles \" data-block-type=\"unstyled\" data-block-weight=\"63\" data-block-id=\"5\">\n<p class=\"content-text__container \" data-track-category=\"Link no Texto\" data-track-links=\"\">A a\u00e7\u00e3o foi procotocolada em mar\u00e7o, quando a 3\u00aa Vara da Justi\u00e7a Federal notificou o ex-ministro a apresentar esclarecimentos em 15 dias. Em julho, a ju\u00edza K\u00e1tia Ferreira mandou novamente notificar o ex-ministro para enviar as informa\u00e7\u00f5es em quatro endere\u00e7os (dois em Salvador, um em Bras\u00edlia e um em Santo Andr\u00e9), mas, segundo o processo, ainda n\u00e3o houve apresenta\u00e7\u00e3o de uma defesa preliminar.<\/p>\n<\/div>\n<\/div>\n","protected":false},"excerpt":{"rendered":"<p>A Procuradoria da Rep\u00fablica em Bras\u00edlia entrou com a\u00e7\u00e3o civil de improbidade administrativa contra o ex-ministro da Defesa\u00a0Jaques Wagner, senador eleito pela Bahia, por suposta atua\u00e7\u00e3o indevida em nomea\u00e7\u00e3o no ano de 2015, quando ocupava o minist\u00e9rio do governo Dilma Rousseff. Conforme o Minist\u00e9rio P\u00fablico, Wagner atuou para a nomea\u00e7\u00e3o do segundo-tenente m\u00fasico do Ex\u00e9rcito [&hellip;]<\/p>\n","protected":false},"author":2,"featured_media":76817,"comment_status":"open","ping_status":"open","sticky":false,"template":"","format":"standard","meta":{"footnotes":"","_links_to":"","_links_to_target":""},"categories":[1],"tags":[],"class_list":["post-76815","post","type-post","status-publish","format-standard","has-post-thumbnail","hentry","category-geral"],"views":1244,"_links":{"self":[{"href":"https:\/\/www.sudoestehoje.com.br\/novoportal\/wp-json\/wp\/v2\/posts\/76815","targetHints":{"allow":["GET"]}}],"collection":[{"href":"https:\/\/www.sudoestehoje.com.br\/novoportal\/wp-json\/wp\/v2\/posts"}],"about":[{"href":"https:\/\/www.sudoestehoje.com.br\/novoportal\/wp-json\/wp\/v2\/types\/post"}],"author":[{"embeddable":true,"href":"https:\/\/www.sudoestehoje.com.br\/novoportal\/wp-json\/wp\/v2\/users\/2"}],"replies":[{"embeddable":true,"href":"https:\/\/www.sudoestehoje.com.br\/novoportal\/wp-json\/wp\/v2\/comments?post=76815"}],"version-history":[{"count":2,"href":"https:\/\/www.sudoestehoje.com.br\/novoportal\/wp-json\/wp\/v2\/posts\/76815\/revisions"}],"predecessor-version":[{"id":76818,"href":"https:\/\/www.sudoestehoje.com.br\/novoportal\/wp-json\/wp\/v2\/posts\/76815\/revisions\/76818"}],"wp:featuredmedia":[{"embeddable":true,"href":"https:\/\/www.sudoestehoje.com.br\/novoportal\/wp-json\/wp\/v2\/media\/76817"}],"wp:attachment":[{"href":"https:\/\/www.sudoestehoje.com.br\/novoportal\/wp-json\/wp\/v2\/media?parent=76815"}],"wp:term":[{"taxonomy":"category","embeddable":true,"href":"https:\/\/www.sudoestehoje.com.br\/novoportal\/wp-json\/wp\/v2\/categories?post=76815"},{"taxonomy":"post_tag","embeddable":true,"href":"https:\/\/www.sudoestehoje.com.br\/novoportal\/wp-json\/wp\/v2\/tags?post=76815"}],"curies":[{"name":"wp","href":"https:\/\/api.w.org\/{rel}","templated":true}]}}