
{"id":76807,"date":"2018-11-30T21:54:45","date_gmt":"2018-12-01T00:54:45","guid":{"rendered":"http:\/\/www.sudoestehoje.com.br\/novoportal\/?p=76807"},"modified":"2018-11-30T21:54:45","modified_gmt":"2018-12-01T00:54:45","slug":"rui-anunciara-pacote-da-maldade-contra-servidores-na-proxima-segunda-feira","status":"publish","type":"post","link":"https:\/\/www.sudoestehoje.com.br\/novoportal\/2018\/11\/30\/rui-anunciara-pacote-da-maldade-contra-servidores-na-proxima-segunda-feira\/","title":{"rendered":"RUI ANUNCIAR\u00c1 &#8216;PACOTE DA MALDADE&#8217; CONTRA SERVIDORES NA PR\u00d3XIMA SEGUNDA-FEIRA"},"content":{"rendered":"<p><a href=\"http:\/\/www.sudoestehoje.com.br\/novoportal\/wp-content\/uploads\/2018\/11\/RUI-ARROCHA.jpg\"><img loading=\"lazy\" decoding=\"async\" class=\"aligncenter size-medium wp-image-76809\" src=\"http:\/\/www.sudoestehoje.com.br\/novoportal\/wp-content\/uploads\/2018\/11\/RUI-ARROCHA-500x263.jpg\" alt=\"\" width=\"500\" height=\"263\" srcset=\"https:\/\/www.sudoestehoje.com.br\/novoportal\/wp-content\/uploads\/2018\/11\/RUI-ARROCHA-500x263.jpg 500w, https:\/\/www.sudoestehoje.com.br\/novoportal\/wp-content\/uploads\/2018\/11\/RUI-ARROCHA.jpg 550w\" sizes=\"auto, (max-width: 500px) 100vw, 500px\" \/><\/a><\/p>\n<p>O governador Rui Costa falar\u00e1 sobre o projeto de reforma administrativa, que inclui reajuste na al\u00edquota previdenci\u00e1ria de servidores, na pr\u00f3xima segunda-feira (3), \u00e0s 14h30, no Sal\u00e3o de Atos da Governadoria.<\/p>\n<p>Tamb\u00e9m na segunda, mais cedo, \u00e0s 13h,<a href=\"http:\/\/bahia.ba\/politica\/sindicatos-marcam-ato-na-alba-contra-aumento-da-aliquota-previdenciaria\/\" target=\"_blank\" rel=\"noopener noreferrer\">\u00a0<\/a>est\u00e1 marcado protesto do funcionalismo em frente \u00e0\u00a0Assembleia Legislativa da Bahia (Alba).<\/p>\n<p><strong>Entenda a pol\u00eamica<\/strong>\u00a0\u2013 Para o governo, o peso dos gastos com aposentadoria dos servidores nas contas p\u00fablicas da Bahia imp\u00f4s a necessidade de majorar a al\u00edquota de contribui\u00e7\u00e3o dos servidores. Sem essa medida, de acordo com a administra\u00e7\u00e3o estadual o equil\u00edbrio financeiro estaria comprometido, amea\u00e7ando inclusive o pagamento dos aposentados.<\/p>\n<p>O reajuste na al\u00edquota faz parte de um pacote econ\u00f4mico do governo estadual para equilibrar as contas, que inclui ainda corte de despesas, reforma administrativa e otimiza\u00e7\u00e3o de taxas.<\/p>\n<p>Para os servidores, no entanto, o reajuste na al\u00edquota na pr\u00e1tica significar\u00e1 uma redu\u00e7\u00e3o de 2% no sal\u00e1rio bruto dos servidores ativos, inativos e pensionistas. A pol\u00eamica tamb\u00e9m foi pauta do prefeito de Salvador, ACM Neto (DEM), que n\u00e3o poupou cr\u00edticas ao governador por conta da proposta.<\/p>\n","protected":false},"excerpt":{"rendered":"<p>O governador Rui Costa falar\u00e1 sobre o projeto de reforma administrativa, que inclui reajuste na al\u00edquota previdenci\u00e1ria de servidores, na pr\u00f3xima segunda-feira (3), \u00e0s 14h30, no Sal\u00e3o de Atos da Governadoria. Tamb\u00e9m na segunda, mais cedo, \u00e0s 13h,\u00a0est\u00e1 marcado protesto do funcionalismo em frente \u00e0\u00a0Assembleia Legislativa da Bahia (Alba). Entenda a pol\u00eamica\u00a0\u2013 Para o governo, [&hellip;]<\/p>\n","protected":false},"author":2,"featured_media":76809,"comment_status":"open","ping_status":"open","sticky":false,"template":"","format":"standard","meta":{"footnotes":"","_links_to":"","_links_to_target":""},"categories":[1],"tags":[],"class_list":["post-76807","post","type-post","status-publish","format-standard","has-post-thumbnail","hentry","category-geral"],"views":1416,"_links":{"self":[{"href":"https:\/\/www.sudoestehoje.com.br\/novoportal\/wp-json\/wp\/v2\/posts\/76807","targetHints":{"allow":["GET"]}}],"collection":[{"href":"https:\/\/www.sudoestehoje.com.br\/novoportal\/wp-json\/wp\/v2\/posts"}],"about":[{"href":"https:\/\/www.sudoestehoje.com.br\/novoportal\/wp-json\/wp\/v2\/types\/post"}],"author":[{"embeddable":true,"href":"https:\/\/www.sudoestehoje.com.br\/novoportal\/wp-json\/wp\/v2\/users\/2"}],"replies":[{"embeddable":true,"href":"https:\/\/www.sudoestehoje.com.br\/novoportal\/wp-json\/wp\/v2\/comments?post=76807"}],"version-history":[{"count":4,"href":"https:\/\/www.sudoestehoje.com.br\/novoportal\/wp-json\/wp\/v2\/posts\/76807\/revisions"}],"predecessor-version":[{"id":76812,"href":"https:\/\/www.sudoestehoje.com.br\/novoportal\/wp-json\/wp\/v2\/posts\/76807\/revisions\/76812"}],"wp:featuredmedia":[{"embeddable":true,"href":"https:\/\/www.sudoestehoje.com.br\/novoportal\/wp-json\/wp\/v2\/media\/76809"}],"wp:attachment":[{"href":"https:\/\/www.sudoestehoje.com.br\/novoportal\/wp-json\/wp\/v2\/media?parent=76807"}],"wp:term":[{"taxonomy":"category","embeddable":true,"href":"https:\/\/www.sudoestehoje.com.br\/novoportal\/wp-json\/wp\/v2\/categories?post=76807"},{"taxonomy":"post_tag","embeddable":true,"href":"https:\/\/www.sudoestehoje.com.br\/novoportal\/wp-json\/wp\/v2\/tags?post=76807"}],"curies":[{"name":"wp","href":"https:\/\/api.w.org\/{rel}","templated":true}]}}