
{"id":76794,"date":"2018-11-30T20:08:54","date_gmt":"2018-11-30T23:08:54","guid":{"rendered":"http:\/\/www.sudoestehoje.com.br\/novoportal\/?p=76794"},"modified":"2018-11-30T20:08:54","modified_gmt":"2018-11-30T23:08:54","slug":"bahia-governador-rui-costa-com-a-mao-no-bolso-do-servidor","status":"publish","type":"post","link":"https:\/\/www.sudoestehoje.com.br\/novoportal\/2018\/11\/30\/bahia-governador-rui-costa-com-a-mao-no-bolso-do-servidor\/","title":{"rendered":"BAHIA: GOVERNADOR RUI COSTA COM A M\u00c3O NO BOLSO DO SERVIDOR"},"content":{"rendered":"<p><a href=\"http:\/\/www.sudoestehoje.com.br\/novoportal\/wp-content\/uploads\/2018\/11\/rui-mete-a-m\u00e3o.jpg\"><img loading=\"lazy\" decoding=\"async\" class=\"wp-image-76796 alignleft\" src=\"http:\/\/www.sudoestehoje.com.br\/novoportal\/wp-content\/uploads\/2018\/11\/rui-mete-a-m\u00e3o-500x453.jpg\" alt=\"\" width=\"301\" height=\"273\" srcset=\"https:\/\/www.sudoestehoje.com.br\/novoportal\/wp-content\/uploads\/2018\/11\/rui-mete-a-m\u00e3o-500x453.jpg 500w, https:\/\/www.sudoestehoje.com.br\/novoportal\/wp-content\/uploads\/2018\/11\/rui-mete-a-m\u00e3o.jpg 614w\" sizes=\"auto, (max-width: 301px) 100vw, 301px\" \/><\/a><\/p>\n<p>O governador Rui Costa (PT), est\u00e1 determinando o aumento da al\u00edquota de contribui\u00e7\u00e3o previdenci\u00e1ria de 12% para 14% para o funcionalismo p\u00fablico. A consequ\u00eancia dessa medida, \u00e9 agravar a situa\u00e7\u00e3o da falta de aumento salarial para o funcionalismo estadual e consequente redu\u00e7\u00e3o de ganhos do trabalhador, decorrente do aumento da al\u00edquota da previd\u00eancia.<\/p>\n<p>P\u00f3s-elei\u00e7\u00e3o, o governador traz isso \u00e0 tona e o trata como se esse preju\u00edzo ao servidor, j\u00e1 tivesse sido sinalizado em sua proposta de reelei\u00e7\u00e3o.<\/p>\n<p>O fato \u00e9 que Rui s\u00f3 agora admite que a Previd\u00eancia \u00e9 deficit\u00e1ria, tendo passado todo o per\u00edodo eleitoral afirmando que o Brasil n\u00e3o precisava de reforma da Previd\u00eancia, que faltava gest\u00e3o e que ela era extremamente superavit\u00e1ria.<\/p>\n<p>CORTE DE 1.500 CARGOS COMISSIONADOS<\/p>\n<p>E para n\u00e3o dizer que Rui acabou com seu estoque de judia\u00e7\u00e3o contra servidores, sobretudo que o apoiaram em sua campanha de reelei\u00e7\u00e3o, o governador anunciou que exonerar\u00e1 mais de mil cargos comissionados. Rui planeja extinguir 1,5 mil cargos comissionados.<\/p>\n<p>Atualmente a administra\u00e7\u00e3o estadual tem hoje 13 mil postos comissionados. Vale lembrar que um dos primeiros atos do governador Rui Costa quando foi eleito foi cortar mais de mil cargos comissionados, no in\u00edcio de sua gest\u00e3o. \/\/Blog Val Cabral<\/p>\n","protected":false},"excerpt":{"rendered":"<p>O governador Rui Costa (PT), est\u00e1 determinando o aumento da al\u00edquota de contribui\u00e7\u00e3o previdenci\u00e1ria de 12% para 14% para o funcionalismo p\u00fablico. A consequ\u00eancia dessa medida, \u00e9 agravar a situa\u00e7\u00e3o da falta de aumento salarial para o funcionalismo estadual e consequente redu\u00e7\u00e3o de ganhos do trabalhador, decorrente do aumento da al\u00edquota da previd\u00eancia. P\u00f3s-elei\u00e7\u00e3o, o [&hellip;]<\/p>\n","protected":false},"author":2,"featured_media":76796,"comment_status":"open","ping_status":"open","sticky":false,"template":"","format":"standard","meta":{"footnotes":"","_links_to":"","_links_to_target":""},"categories":[1],"tags":[],"class_list":["post-76794","post","type-post","status-publish","format-standard","has-post-thumbnail","hentry","category-geral"],"views":1157,"_links":{"self":[{"href":"https:\/\/www.sudoestehoje.com.br\/novoportal\/wp-json\/wp\/v2\/posts\/76794","targetHints":{"allow":["GET"]}}],"collection":[{"href":"https:\/\/www.sudoestehoje.com.br\/novoportal\/wp-json\/wp\/v2\/posts"}],"about":[{"href":"https:\/\/www.sudoestehoje.com.br\/novoportal\/wp-json\/wp\/v2\/types\/post"}],"author":[{"embeddable":true,"href":"https:\/\/www.sudoestehoje.com.br\/novoportal\/wp-json\/wp\/v2\/users\/2"}],"replies":[{"embeddable":true,"href":"https:\/\/www.sudoestehoje.com.br\/novoportal\/wp-json\/wp\/v2\/comments?post=76794"}],"version-history":[{"count":4,"href":"https:\/\/www.sudoestehoje.com.br\/novoportal\/wp-json\/wp\/v2\/posts\/76794\/revisions"}],"predecessor-version":[{"id":76800,"href":"https:\/\/www.sudoestehoje.com.br\/novoportal\/wp-json\/wp\/v2\/posts\/76794\/revisions\/76800"}],"wp:featuredmedia":[{"embeddable":true,"href":"https:\/\/www.sudoestehoje.com.br\/novoportal\/wp-json\/wp\/v2\/media\/76796"}],"wp:attachment":[{"href":"https:\/\/www.sudoestehoje.com.br\/novoportal\/wp-json\/wp\/v2\/media?parent=76794"}],"wp:term":[{"taxonomy":"category","embeddable":true,"href":"https:\/\/www.sudoestehoje.com.br\/novoportal\/wp-json\/wp\/v2\/categories?post=76794"},{"taxonomy":"post_tag","embeddable":true,"href":"https:\/\/www.sudoestehoje.com.br\/novoportal\/wp-json\/wp\/v2\/tags?post=76794"}],"curies":[{"name":"wp","href":"https:\/\/api.w.org\/{rel}","templated":true}]}}