
{"id":76789,"date":"2018-11-30T19:53:20","date_gmt":"2018-11-30T22:53:20","guid":{"rendered":"http:\/\/www.sudoestehoje.com.br\/novoportal\/?p=76789"},"modified":"2018-11-30T19:53:20","modified_gmt":"2018-11-30T22:53:20","slug":"regiao-justica-federal-nega-liminar-para-retirada-de-indios-em-fazenda-no-largo","status":"publish","type":"post","link":"https:\/\/www.sudoestehoje.com.br\/novoportal\/2018\/11\/30\/regiao-justica-federal-nega-liminar-para-retirada-de-indios-em-fazenda-no-largo\/","title":{"rendered":"REGI\u00c3O: JUSTI\u00c7A FEDERAL NEGA LIMINAR PARA RETIRADA DE &#8216;\u00cdNDIOS&#8217; EM FAZENDA NO LARGO"},"content":{"rendered":"<p><a href=\"http:\/\/www.sudoestehoje.com.br\/novoportal\/wp-content\/uploads\/2018\/11\/INDIOS-LARGO-1.jpg\"><img loading=\"lazy\" decoding=\"async\" class=\"aligncenter size-medium wp-image-76790\" src=\"http:\/\/www.sudoestehoje.com.br\/novoportal\/wp-content\/uploads\/2018\/11\/INDIOS-LARGO-1-500x340.jpg\" alt=\"\" width=\"500\" height=\"340\" srcset=\"https:\/\/www.sudoestehoje.com.br\/novoportal\/wp-content\/uploads\/2018\/11\/INDIOS-LARGO-1-500x340.jpg 500w, https:\/\/www.sudoestehoje.com.br\/novoportal\/wp-content\/uploads\/2018\/11\/INDIOS-LARGO-1.jpg 650w\" sizes=\"auto, (max-width: 500px) 100vw, 500px\" \/><\/a><\/p>\n<p>A 1\u00aa Vara da Justi\u00e7a Federal em Vit\u00f3ria da Conquista negou pedido de liminar que Alberto Jorge Barbosa e Jacqueline Josefa Barbosa Rocha formularam contra a Comunidade Ind\u00edgena do Cachimb\u00f3, que ocupou, em fevereiro deste ano, 1\/3 da Fazenda Conjunto S\u00e3o Francisco, que tem \u00e1rea total de 813 hectares, situada no Munic\u00edpio de Ribeir\u00e3o do Largo. Eles alegam que\u00a0 o im\u00f3vel lhes pertence, conforme escritura p\u00fablica registrada, e est\u00e3o impedido de usufru\u00ed-lo.<\/p>\n<p>Segundo o Blog Itamb\u00e9 Agora, a a\u00e7\u00e3o de reintegra\u00e7\u00e3o de posse foi originariamente proposta na Comarca de Encruzilhada. Na peti\u00e7\u00e3o, Jorge e Jacqueline alegaram que os \u00edndios invadiram a Fazenda e se recusam a sair. Tamb\u00e9m afirmaram que esses \u00edndios, liderados pelo autointitulado Cacique Capil\u00e9, n\u00e3o t\u00eam identidade ind\u00edgena nem liga\u00e7\u00e3o com o im\u00f3vel, conforme declara\u00e7\u00e3o da Dire\u00e7\u00e3o da Prote\u00e7\u00e3o de Terra da FUNAI.<\/p>\n<p>A liminar de desocupa\u00e7\u00e3o chegou a ser concedida pela Justi\u00e7a Estadual, mas a Procuradoria Federal, com representa\u00e7\u00e3o na capital do Estado, representando a FUNAI, se manifestou nos autos apresentando nova informa\u00e7\u00e3o da Coordena\u00e7\u00e3o Regional Sul da Bahia, em que aponta para a exist\u00eancia de terra ind\u00edgena, e requereu deslocamento do julgamento do feito para a Justi\u00e7a Federal em Vit\u00f3ria da Conquista, o que foi deferido pelo Juiz Estadual, que tamb\u00e9m revogou a liminar.<\/p>\n<p>Distribu\u00edda a a\u00e7\u00e3o para a 1\u00aa vara da Justi\u00e7a Federal em Vit\u00f3ria da Conquista, os advogados de Alberto e Jacqueline insistiram na concess\u00e3o de nova liminar.<\/p>\n<p>Na sua decis\u00e3o, o juiz federal Jo\u00e3o Batista de Castro J\u00fanior afirmou que a comunidade ind\u00edgena \u00e9 que precisa de prote\u00e7\u00e3o. Depois de explanar que muitos t\u00edtulos de propriedade na Bahia foram forjados atrav\u00e9s de ardis cartoriais, aproveitando-se da aus\u00eancia de comunidades ind\u00edgenas expulsas de suas terras, o magistrado negou a liminar de desocupa\u00e7\u00e3o pedida.<\/p>\n<p>Ainda na mesma decis\u00e3o, destacou que a Procuradoria Federal em Vit\u00f3ria da Conquista est\u00e1 sendo omissa por n\u00e3o ter se manifestado at\u00e9 agora, quando tem a miss\u00e3o legal de faz\u00ea-lo. Em raz\u00e3o disso, determinou que ela obrigatoriamente promova a defesa t\u00e9cnica dos \u00edndios, tendo em vista que eles n\u00e3o se valeram da prerrogativa constitucional de se fazerem defender atrav\u00e9s de advogados particulares.<\/p>\n<div>Para ler a decis\u00e3o na \u00edntegra, clique aqui:<\/div>\n<div><a href=\"http:\/\/www.probusbrasil.org.br\/hd-imagens\/noticias\/decisao%201000331-40_2018.pdf\">http:\/\/www.probusbrasil.org.br\/hd-imagens\/noticias\/decisao%201000331-40_2018.pdf<\/a><\/div>\n<div><\/div>\n","protected":false},"excerpt":{"rendered":"<p>A 1\u00aa Vara da Justi\u00e7a Federal em Vit\u00f3ria da Conquista negou pedido de liminar que Alberto Jorge Barbosa e Jacqueline Josefa Barbosa Rocha formularam contra a Comunidade Ind\u00edgena do Cachimb\u00f3, que ocupou, em fevereiro deste ano, 1\/3 da Fazenda Conjunto S\u00e3o Francisco, que tem \u00e1rea total de 813 hectares, situada no Munic\u00edpio de Ribeir\u00e3o do [&hellip;]<\/p>\n","protected":false},"author":2,"featured_media":76790,"comment_status":"open","ping_status":"open","sticky":false,"template":"","format":"standard","meta":{"footnotes":"","_links_to":"","_links_to_target":""},"categories":[1],"tags":[],"class_list":["post-76789","post","type-post","status-publish","format-standard","has-post-thumbnail","hentry","category-geral"],"views":1367,"_links":{"self":[{"href":"https:\/\/www.sudoestehoje.com.br\/novoportal\/wp-json\/wp\/v2\/posts\/76789","targetHints":{"allow":["GET"]}}],"collection":[{"href":"https:\/\/www.sudoestehoje.com.br\/novoportal\/wp-json\/wp\/v2\/posts"}],"about":[{"href":"https:\/\/www.sudoestehoje.com.br\/novoportal\/wp-json\/wp\/v2\/types\/post"}],"author":[{"embeddable":true,"href":"https:\/\/www.sudoestehoje.com.br\/novoportal\/wp-json\/wp\/v2\/users\/2"}],"replies":[{"embeddable":true,"href":"https:\/\/www.sudoestehoje.com.br\/novoportal\/wp-json\/wp\/v2\/comments?post=76789"}],"version-history":[{"count":3,"href":"https:\/\/www.sudoestehoje.com.br\/novoportal\/wp-json\/wp\/v2\/posts\/76789\/revisions"}],"predecessor-version":[{"id":76793,"href":"https:\/\/www.sudoestehoje.com.br\/novoportal\/wp-json\/wp\/v2\/posts\/76789\/revisions\/76793"}],"wp:featuredmedia":[{"embeddable":true,"href":"https:\/\/www.sudoestehoje.com.br\/novoportal\/wp-json\/wp\/v2\/media\/76790"}],"wp:attachment":[{"href":"https:\/\/www.sudoestehoje.com.br\/novoportal\/wp-json\/wp\/v2\/media?parent=76789"}],"wp:term":[{"taxonomy":"category","embeddable":true,"href":"https:\/\/www.sudoestehoje.com.br\/novoportal\/wp-json\/wp\/v2\/categories?post=76789"},{"taxonomy":"post_tag","embeddable":true,"href":"https:\/\/www.sudoestehoje.com.br\/novoportal\/wp-json\/wp\/v2\/tags?post=76789"}],"curies":[{"name":"wp","href":"https:\/\/api.w.org\/{rel}","templated":true}]}}