
{"id":76762,"date":"2018-11-27T19:31:53","date_gmt":"2018-11-27T22:31:53","guid":{"rendered":"http:\/\/www.sudoestehoje.com.br\/novoportal\/?p=76762"},"modified":"2018-11-27T20:16:45","modified_gmt":"2018-11-27T23:16:45","slug":"vitoria-da-conquista-nao-tera-exposicao-agropecuaria-em-2019-diz-blog","status":"publish","type":"post","link":"https:\/\/www.sudoestehoje.com.br\/novoportal\/2018\/11\/27\/vitoria-da-conquista-nao-tera-exposicao-agropecuaria-em-2019-diz-blog\/","title":{"rendered":"CONQUISTA N\u00c3O TER\u00c1 EXPOSI\u00c7\u00c3O AGROPECU\u00c1RIA EM 2019, DIZ PRESIDENTE DA COOPMAC"},"content":{"rendered":"<p><a href=\"http:\/\/www.sudoestehoje.com.br\/novoportal\/wp-content\/uploads\/2018\/11\/exp-vc.jpg\"><img loading=\"lazy\" decoding=\"async\" class=\"aligncenter size-medium wp-image-76763\" src=\"http:\/\/www.sudoestehoje.com.br\/novoportal\/wp-content\/uploads\/2018\/11\/exp-vc-500x300.jpg\" alt=\"\" width=\"500\" height=\"300\" \/><\/a><\/p>\n<p>De acordo com not\u00edcias que circulam na imprensa conquistense, uma p\u00e9ssima not\u00edcia promete repercutir em toda a Bahia, nos pr\u00f3ximos dias, abalando a agropecu\u00e1ria regional: o cancelamento da Exposi\u00e7\u00e3o Agropecu\u00e1ria de Vit\u00f3ria da Conquista, uma das mais antigas e tradicionais do Nordeste, que seria realizada em mar\u00e7o de 2019.<\/p>\n<p>Segundo informa\u00e7\u00f5es divulgadas pela imprensa conquistense, o principal motivo alegado pelo presidente da COOPMAC, Jaymilton Gusm\u00e3o, seria a falta de apoio por parte do Governo do Estado.<\/p>\n<p>O presidente\u00a0 &#8216;Jaymiltinho&#8217; dever\u00e1 conceder entrevista \u00e0 imprensa, assim que retornar de uma viagem a capital do estado, onde est\u00e1 tratando do assunto junto aos \u00f3rg\u00e3os governamentais.<\/p>\n<p>A Exposi\u00e7\u00e3o Agropecu\u00e1ria de Vit\u00f3ria da Conquista \u00e9 uma das mais antigas e tradicionais do Nordeste, mas vinha perdendo p\u00fablico e neg\u00f3cios nas suas \u00faltimas edi\u00e7\u00f5es.<\/p>\n<p>Reda\u00e7\u00e3o SH (Informa\u00e7\u00f5es Blog do Rodrigo Ferraz e Blog do Anderson)<\/p>\n","protected":false},"excerpt":{"rendered":"<p>De acordo com not\u00edcias que circulam na imprensa conquistense, uma p\u00e9ssima not\u00edcia promete repercutir em toda a Bahia, nos pr\u00f3ximos dias, abalando a agropecu\u00e1ria regional: o cancelamento da Exposi\u00e7\u00e3o Agropecu\u00e1ria de Vit\u00f3ria da Conquista, uma das mais antigas e tradicionais do Nordeste, que seria realizada em mar\u00e7o de 2019. Segundo informa\u00e7\u00f5es divulgadas pela imprensa conquistense, [&hellip;]<\/p>\n","protected":false},"author":2,"featured_media":76763,"comment_status":"open","ping_status":"open","sticky":false,"template":"","format":"standard","meta":{"footnotes":"","_links_to":"","_links_to_target":""},"categories":[1],"tags":[],"class_list":["post-76762","post","type-post","status-publish","format-standard","has-post-thumbnail","hentry","category-geral"],"views":2049,"_links":{"self":[{"href":"https:\/\/www.sudoestehoje.com.br\/novoportal\/wp-json\/wp\/v2\/posts\/76762","targetHints":{"allow":["GET"]}}],"collection":[{"href":"https:\/\/www.sudoestehoje.com.br\/novoportal\/wp-json\/wp\/v2\/posts"}],"about":[{"href":"https:\/\/www.sudoestehoje.com.br\/novoportal\/wp-json\/wp\/v2\/types\/post"}],"author":[{"embeddable":true,"href":"https:\/\/www.sudoestehoje.com.br\/novoportal\/wp-json\/wp\/v2\/users\/2"}],"replies":[{"embeddable":true,"href":"https:\/\/www.sudoestehoje.com.br\/novoportal\/wp-json\/wp\/v2\/comments?post=76762"}],"version-history":[{"count":7,"href":"https:\/\/www.sudoestehoje.com.br\/novoportal\/wp-json\/wp\/v2\/posts\/76762\/revisions"}],"predecessor-version":[{"id":76770,"href":"https:\/\/www.sudoestehoje.com.br\/novoportal\/wp-json\/wp\/v2\/posts\/76762\/revisions\/76770"}],"wp:featuredmedia":[{"embeddable":true,"href":"https:\/\/www.sudoestehoje.com.br\/novoportal\/wp-json\/wp\/v2\/media\/76763"}],"wp:attachment":[{"href":"https:\/\/www.sudoestehoje.com.br\/novoportal\/wp-json\/wp\/v2\/media?parent=76762"}],"wp:term":[{"taxonomy":"category","embeddable":true,"href":"https:\/\/www.sudoestehoje.com.br\/novoportal\/wp-json\/wp\/v2\/categories?post=76762"},{"taxonomy":"post_tag","embeddable":true,"href":"https:\/\/www.sudoestehoje.com.br\/novoportal\/wp-json\/wp\/v2\/tags?post=76762"}],"curies":[{"name":"wp","href":"https:\/\/api.w.org\/{rel}","templated":true}]}}