
{"id":76692,"date":"2018-11-25T21:15:19","date_gmt":"2018-11-26T00:15:19","guid":{"rendered":"http:\/\/www.sudoestehoje.com.br\/novoportal\/?p=76692"},"modified":"2018-11-25T21:15:19","modified_gmt":"2018-11-26T00:15:19","slug":"vitoria-e-rebaixado-para-segundona-apos-empate-da-chape-com-corinthians","status":"publish","type":"post","link":"https:\/\/www.sudoestehoje.com.br\/novoportal\/2018\/11\/25\/vitoria-e-rebaixado-para-segundona-apos-empate-da-chape-com-corinthians\/","title":{"rendered":"VIT\u00d3RIA \u00c9 REBAIXADO PARA SEGUNDONA AP\u00d3S EMPATE DA CHAPE COM CORINTHIANS"},"content":{"rendered":"<p class=\"bodytext\"><a href=\"http:\/\/www.sudoestehoje.com.br\/novoportal\/wp-content\/uploads\/2018\/11\/VITORIA-CAI.jpg\"><img loading=\"lazy\" decoding=\"async\" class=\"aligncenter size-medium wp-image-76693\" src=\"http:\/\/www.sudoestehoje.com.br\/novoportal\/wp-content\/uploads\/2018\/11\/VITORIA-CAI-500x320.jpg\" alt=\"\" width=\"500\" height=\"320\" srcset=\"https:\/\/www.sudoestehoje.com.br\/novoportal\/wp-content\/uploads\/2018\/11\/VITORIA-CAI-500x320.jpg 500w, https:\/\/www.sudoestehoje.com.br\/novoportal\/wp-content\/uploads\/2018\/11\/VITORIA-CAI-768x492.jpg 768w, https:\/\/www.sudoestehoje.com.br\/novoportal\/wp-content\/uploads\/2018\/11\/VITORIA-CAI-700x448.jpg 700w, https:\/\/www.sudoestehoje.com.br\/novoportal\/wp-content\/uploads\/2018\/11\/VITORIA-CAI.jpg 940w\" sizes=\"auto, (max-width: 500px) 100vw, 500px\" \/><\/a><\/p>\n<p class=\"bodytext\">A \u00faltima gota de esperan\u00e7a se foi: o Vit\u00f3ria est\u00e1 rebaixado para a S\u00e9rie B de 2019. A queda, praticamente certa ap\u00f3s o\u00a0<strong><a href=\"https:\/\/www.correio24horas.com.br\/noticia\/nid\/vitoria-empata-com-o-gremio-e-pode-ser-rebaixado-ainda-hoje\/\">empate contra o Gr\u00eamio por 0x0 no Barrad\u00e3o<\/a><\/strong>, foi selada com o empate da Chapecoense diante do Corinthians, tamb\u00e9m sem gols, no Itaquer\u00e3o, em S\u00e3o Paulo, em jogo que come\u00e7ou duas horas depois.<\/p>\n<p class=\"bodytext\">Por ironia do destino, a mesma Chapecoense que livrou o Vit\u00f3ria do rebaixamento no ano passado com um gol no \u00faltimo minuto diante do Coritiba, novamente cravou o futuro rubro-negro.<\/p>\n<p class=\"bodytext\">Com 37 pontos e na vice-lanterna, o Le\u00e3o n\u00e3o tem mais chance de alcan\u00e7ar o time catarinense, que foi a 41 e ocupa o 16\u00ba lugar, primeiro fora da zona de rebaixamento. Resta uma rodada para o fim do Campeonato Brasileiro. No pr\u00f3ximo domingo (2), o Vit\u00f3ria visitar\u00e1 o Palmeiras s\u00f3 para cumprir tabela e enfaixar o campe\u00e3o brasileiro no Allianz Parque, em S\u00e3o Paulo. \/\/<em>A Tarde<\/em><\/p>\n","protected":false},"excerpt":{"rendered":"<p>A \u00faltima gota de esperan\u00e7a se foi: o Vit\u00f3ria est\u00e1 rebaixado para a S\u00e9rie B de 2019. A queda, praticamente certa ap\u00f3s o\u00a0empate contra o Gr\u00eamio por 0x0 no Barrad\u00e3o, foi selada com o empate da Chapecoense diante do Corinthians, tamb\u00e9m sem gols, no Itaquer\u00e3o, em S\u00e3o Paulo, em jogo que come\u00e7ou duas horas depois. [&hellip;]<\/p>\n","protected":false},"author":2,"featured_media":76693,"comment_status":"open","ping_status":"open","sticky":false,"template":"","format":"standard","meta":{"footnotes":"","_links_to":"","_links_to_target":""},"categories":[1],"tags":[],"class_list":["post-76692","post","type-post","status-publish","format-standard","has-post-thumbnail","hentry","category-geral"],"views":1151,"_links":{"self":[{"href":"https:\/\/www.sudoestehoje.com.br\/novoportal\/wp-json\/wp\/v2\/posts\/76692","targetHints":{"allow":["GET"]}}],"collection":[{"href":"https:\/\/www.sudoestehoje.com.br\/novoportal\/wp-json\/wp\/v2\/posts"}],"about":[{"href":"https:\/\/www.sudoestehoje.com.br\/novoportal\/wp-json\/wp\/v2\/types\/post"}],"author":[{"embeddable":true,"href":"https:\/\/www.sudoestehoje.com.br\/novoportal\/wp-json\/wp\/v2\/users\/2"}],"replies":[{"embeddable":true,"href":"https:\/\/www.sudoestehoje.com.br\/novoportal\/wp-json\/wp\/v2\/comments?post=76692"}],"version-history":[{"count":1,"href":"https:\/\/www.sudoestehoje.com.br\/novoportal\/wp-json\/wp\/v2\/posts\/76692\/revisions"}],"predecessor-version":[{"id":76694,"href":"https:\/\/www.sudoestehoje.com.br\/novoportal\/wp-json\/wp\/v2\/posts\/76692\/revisions\/76694"}],"wp:featuredmedia":[{"embeddable":true,"href":"https:\/\/www.sudoestehoje.com.br\/novoportal\/wp-json\/wp\/v2\/media\/76693"}],"wp:attachment":[{"href":"https:\/\/www.sudoestehoje.com.br\/novoportal\/wp-json\/wp\/v2\/media?parent=76692"}],"wp:term":[{"taxonomy":"category","embeddable":true,"href":"https:\/\/www.sudoestehoje.com.br\/novoportal\/wp-json\/wp\/v2\/categories?post=76692"},{"taxonomy":"post_tag","embeddable":true,"href":"https:\/\/www.sudoestehoje.com.br\/novoportal\/wp-json\/wp\/v2\/tags?post=76692"}],"curies":[{"name":"wp","href":"https:\/\/api.w.org\/{rel}","templated":true}]}}