
{"id":76666,"date":"2018-11-25T13:15:02","date_gmt":"2018-11-25T16:15:02","guid":{"rendered":"http:\/\/www.sudoestehoje.com.br\/novoportal\/?p=76666"},"modified":"2018-11-25T13:15:02","modified_gmt":"2018-11-25T16:15:02","slug":"onibus-com-fanfarra-de-euclides-da-cunha-sofre-acidente-um-passageiro-morreu","status":"publish","type":"post","link":"https:\/\/www.sudoestehoje.com.br\/novoportal\/2018\/11\/25\/onibus-com-fanfarra-de-euclides-da-cunha-sofre-acidente-um-passageiro-morreu\/","title":{"rendered":"\u00d4NIBUS COM FANFARRA DE EUCLIDES DA CUNHA SOFRE ACIDENTE; UM PASSAGEIRO MORREU"},"content":{"rendered":"<p><a href=\"http:\/\/www.sudoestehoje.com.br\/novoportal\/wp-content\/uploads\/2018\/11\/fanfarra-1.jpg\"><img loading=\"lazy\" decoding=\"async\" class=\"aligncenter size-medium wp-image-76667\" src=\"http:\/\/www.sudoestehoje.com.br\/novoportal\/wp-content\/uploads\/2018\/11\/fanfarra-1-500x394.jpg\" alt=\"\" width=\"500\" height=\"394\" srcset=\"https:\/\/www.sudoestehoje.com.br\/novoportal\/wp-content\/uploads\/2018\/11\/fanfarra-1-500x394.jpg 500w, https:\/\/www.sudoestehoje.com.br\/novoportal\/wp-content\/uploads\/2018\/11\/fanfarra-1-700x551.jpg 700w, https:\/\/www.sudoestehoje.com.br\/novoportal\/wp-content\/uploads\/2018\/11\/fanfarra-1.jpg 767w\" sizes=\"auto, (max-width: 500px) 100vw, 500px\" \/><\/a><\/p>\n<p>Um acidente grave na BR-116 deixou v\u00e1rias pessoas feridas na manh\u00e3 deste domingo (25). Um \u00f4nibus escolar que transportava a equipe da Fanfarra do Educand\u00e1rio Oliveira Brito (Faneob), de Euclides da Cunha, no interior da Bahia, colidiu com uma carreta no trecho da rodovia entre os munic\u00edpios de Serrinha e Santa B\u00e1rbara.<\/p>\n<p>Imagens que circulam nas redes sociais mostra os ve\u00edculos bastante danificados e v\u00edtimas no ch\u00e3o aguardando atendimento. Segundo informa\u00e7\u00f5es preliminares, o grupo estava a caminho de um desfile quando ocorreu o acidente.<\/p>\n<p><a href=\"http:\/\/www.sudoestehoje.com.br\/novoportal\/wp-content\/uploads\/2018\/11\/fanfarra-2.jpg\"><img loading=\"lazy\" decoding=\"async\" class=\"aligncenter size-medium wp-image-76668\" src=\"http:\/\/www.sudoestehoje.com.br\/novoportal\/wp-content\/uploads\/2018\/11\/fanfarra-2-500x487.jpg\" alt=\"\" width=\"500\" height=\"487\" srcset=\"https:\/\/www.sudoestehoje.com.br\/novoportal\/wp-content\/uploads\/2018\/11\/fanfarra-2-500x487.jpg 500w, https:\/\/www.sudoestehoje.com.br\/novoportal\/wp-content\/uploads\/2018\/11\/fanfarra-2-700x682.jpg 700w, https:\/\/www.sudoestehoje.com.br\/novoportal\/wp-content\/uploads\/2018\/11\/fanfarra-2.jpg 720w\" sizes=\"auto, (max-width: 500px) 100vw, 500px\" \/><\/a><\/p>\n<p>No Facebook, um dos integrantes da fanfarra, identificado como Ronny Britto, chegou a compartilhar fotos no \u00f4nibus com alguns colegas antes de deixarem Euclides da Cunha para viagem. Nos coment\u00e1rios, amigos buscam not\u00edcias sobre o que teria acontecido.<\/p>\n<p>N\u00c3O ERAM TORCEDORES VINDO PARA ITAPETINGA<\/p>\n<p>Nas rede sociais em Itapetinga e regi\u00e3o, circularam as fotos do acidente e chegou a ser ventilado que os ocupantes do \u00f4nibus acidentado eram torcedores da sele\u00e7\u00e3o de Euclides da Cunha, a caminho de Itapetinga, para assistir ao jogo pelo semifinais do Intermunicipal, mas a informa\u00e7\u00e3o foi logo desmentida.<\/p>\n<p><strong><em>Reda\u00e7\u00e3o (Informa\u00e7\u00f5es Boc\u00e3o)<\/em><\/strong><\/p>\n","protected":false},"excerpt":{"rendered":"<p>Um acidente grave na BR-116 deixou v\u00e1rias pessoas feridas na manh\u00e3 deste domingo (25). Um \u00f4nibus escolar que transportava a equipe da Fanfarra do Educand\u00e1rio Oliveira Brito (Faneob), de Euclides da Cunha, no interior da Bahia, colidiu com uma carreta no trecho da rodovia entre os munic\u00edpios de Serrinha e Santa B\u00e1rbara. Imagens que circulam [&hellip;]<\/p>\n","protected":false},"author":2,"featured_media":76667,"comment_status":"open","ping_status":"open","sticky":false,"template":"","format":"standard","meta":{"footnotes":"","_links_to":"","_links_to_target":""},"categories":[1],"tags":[],"class_list":["post-76666","post","type-post","status-publish","format-standard","has-post-thumbnail","hentry","category-geral"],"views":1925,"_links":{"self":[{"href":"https:\/\/www.sudoestehoje.com.br\/novoportal\/wp-json\/wp\/v2\/posts\/76666","targetHints":{"allow":["GET"]}}],"collection":[{"href":"https:\/\/www.sudoestehoje.com.br\/novoportal\/wp-json\/wp\/v2\/posts"}],"about":[{"href":"https:\/\/www.sudoestehoje.com.br\/novoportal\/wp-json\/wp\/v2\/types\/post"}],"author":[{"embeddable":true,"href":"https:\/\/www.sudoestehoje.com.br\/novoportal\/wp-json\/wp\/v2\/users\/2"}],"replies":[{"embeddable":true,"href":"https:\/\/www.sudoestehoje.com.br\/novoportal\/wp-json\/wp\/v2\/comments?post=76666"}],"version-history":[{"count":3,"href":"https:\/\/www.sudoestehoje.com.br\/novoportal\/wp-json\/wp\/v2\/posts\/76666\/revisions"}],"predecessor-version":[{"id":76671,"href":"https:\/\/www.sudoestehoje.com.br\/novoportal\/wp-json\/wp\/v2\/posts\/76666\/revisions\/76671"}],"wp:featuredmedia":[{"embeddable":true,"href":"https:\/\/www.sudoestehoje.com.br\/novoportal\/wp-json\/wp\/v2\/media\/76667"}],"wp:attachment":[{"href":"https:\/\/www.sudoestehoje.com.br\/novoportal\/wp-json\/wp\/v2\/media?parent=76666"}],"wp:term":[{"taxonomy":"category","embeddable":true,"href":"https:\/\/www.sudoestehoje.com.br\/novoportal\/wp-json\/wp\/v2\/categories?post=76666"},{"taxonomy":"post_tag","embeddable":true,"href":"https:\/\/www.sudoestehoje.com.br\/novoportal\/wp-json\/wp\/v2\/tags?post=76666"}],"curies":[{"name":"wp","href":"https:\/\/api.w.org\/{rel}","templated":true}]}}