
{"id":76626,"date":"2018-11-23T23:08:22","date_gmt":"2018-11-24T02:08:22","guid":{"rendered":"http:\/\/www.sudoestehoje.com.br\/novoportal\/?p=76626"},"modified":"2018-11-23T23:08:22","modified_gmt":"2018-11-24T02:08:22","slug":"lula-dilma-palocci-e-mantega-viram-reus-pelo-crime-de-organizacao-criminosa","status":"publish","type":"post","link":"https:\/\/www.sudoestehoje.com.br\/novoportal\/2018\/11\/23\/lula-dilma-palocci-e-mantega-viram-reus-pelo-crime-de-organizacao-criminosa\/","title":{"rendered":"LULA, DILMA, PALOCCI E MANTEGA VIRAM R\u00c9US PELO CRIME DE &#8216;ORGANIZA\u00c7\u00c3O CRIMINOSA&#8217;"},"content":{"rendered":"<p><a href=\"http:\/\/www.sudoestehoje.com.br\/novoportal\/wp-content\/uploads\/2018\/11\/ORG.jpg\"><img loading=\"lazy\" decoding=\"async\" class=\"aligncenter size-medium wp-image-76629\" src=\"http:\/\/www.sudoestehoje.com.br\/novoportal\/wp-content\/uploads\/2018\/11\/ORG-500x330.jpg\" alt=\"\" width=\"500\" height=\"330\" srcset=\"https:\/\/www.sudoestehoje.com.br\/novoportal\/wp-content\/uploads\/2018\/11\/ORG-500x330.jpg 500w, https:\/\/www.sudoestehoje.com.br\/novoportal\/wp-content\/uploads\/2018\/11\/ORG.jpg 550w\" sizes=\"auto, (max-width: 500px) 100vw, 500px\" \/><\/a><\/p>\n<p>A Justi\u00e7a Federal em Bras\u00edlia recebeu hoje (23) den\u00fancia do Minist\u00e9rio P\u00fablico Federal (MPF) contra os ex-presidentes Luiz In\u00e1cio Lula da Silva e Dilma Rousseff, al\u00e9m outros integrantes do PT, pelo crime de organiza\u00e7\u00e3o criminosa. A decis\u00e3o foi proferida pelo juiz Vallisney de Souza Oliveira, da 10\u00aa Vara.<\/p>\n<p>Com a decis\u00e3o, al\u00e9m de Lula e Dilma, passam \u00e0 condi\u00e7\u00e3o de r\u00e9us no processo os ex-ministros da Fazenda Antonio Palocci e Guido Mantega, e o ex-tesoureiro do PT Jo\u00e3o Vaccari Neto.<\/p>\n<p>Eles foram acusados pelo MPF de praticar \u201cuma mir\u00edade [quantidade grande e indeterminada] de delitos\u201d na administra\u00e7\u00e3o p\u00fablica durante os governos de Lula e de Dilma Rousseff, somando R$ 1,4 bilh\u00e3o em desvio de recursos dos cofres p\u00fablicos.<\/p>\n<p>O caso come\u00e7ou a tramitar no Supremo Tribunal Federal (STF) no ano passado, mas foi remetido \u00e0 primeira inst\u00e2ncia ap\u00f3s os acusados deixarem os cargos e perderam foro privilegiado.<\/p>\n","protected":false},"excerpt":{"rendered":"<p>A Justi\u00e7a Federal em Bras\u00edlia recebeu hoje (23) den\u00fancia do Minist\u00e9rio P\u00fablico Federal (MPF) contra os ex-presidentes Luiz In\u00e1cio Lula da Silva e Dilma Rousseff, al\u00e9m outros integrantes do PT, pelo crime de organiza\u00e7\u00e3o criminosa. A decis\u00e3o foi proferida pelo juiz Vallisney de Souza Oliveira, da 10\u00aa Vara. Com a decis\u00e3o, al\u00e9m de Lula e [&hellip;]<\/p>\n","protected":false},"author":2,"featured_media":76629,"comment_status":"open","ping_status":"open","sticky":false,"template":"","format":"standard","meta":{"footnotes":"","_links_to":"","_links_to_target":""},"categories":[1],"tags":[],"class_list":["post-76626","post","type-post","status-publish","format-standard","has-post-thumbnail","hentry","category-geral"],"views":1015,"_links":{"self":[{"href":"https:\/\/www.sudoestehoje.com.br\/novoportal\/wp-json\/wp\/v2\/posts\/76626","targetHints":{"allow":["GET"]}}],"collection":[{"href":"https:\/\/www.sudoestehoje.com.br\/novoportal\/wp-json\/wp\/v2\/posts"}],"about":[{"href":"https:\/\/www.sudoestehoje.com.br\/novoportal\/wp-json\/wp\/v2\/types\/post"}],"author":[{"embeddable":true,"href":"https:\/\/www.sudoestehoje.com.br\/novoportal\/wp-json\/wp\/v2\/users\/2"}],"replies":[{"embeddable":true,"href":"https:\/\/www.sudoestehoje.com.br\/novoportal\/wp-json\/wp\/v2\/comments?post=76626"}],"version-history":[{"count":3,"href":"https:\/\/www.sudoestehoje.com.br\/novoportal\/wp-json\/wp\/v2\/posts\/76626\/revisions"}],"predecessor-version":[{"id":76630,"href":"https:\/\/www.sudoestehoje.com.br\/novoportal\/wp-json\/wp\/v2\/posts\/76626\/revisions\/76630"}],"wp:featuredmedia":[{"embeddable":true,"href":"https:\/\/www.sudoestehoje.com.br\/novoportal\/wp-json\/wp\/v2\/media\/76629"}],"wp:attachment":[{"href":"https:\/\/www.sudoestehoje.com.br\/novoportal\/wp-json\/wp\/v2\/media?parent=76626"}],"wp:term":[{"taxonomy":"category","embeddable":true,"href":"https:\/\/www.sudoestehoje.com.br\/novoportal\/wp-json\/wp\/v2\/categories?post=76626"},{"taxonomy":"post_tag","embeddable":true,"href":"https:\/\/www.sudoestehoje.com.br\/novoportal\/wp-json\/wp\/v2\/tags?post=76626"}],"curies":[{"name":"wp","href":"https:\/\/api.w.org\/{rel}","templated":true}]}}