
{"id":76622,"date":"2018-11-23T22:29:43","date_gmt":"2018-11-24T01:29:43","guid":{"rendered":"http:\/\/www.sudoestehoje.com.br\/novoportal\/?p=76622"},"modified":"2018-11-23T22:29:43","modified_gmt":"2018-11-24T01:29:43","slug":"rui-diz-que-servidor-vai-ter-que-contribuir-com-mais-dinheiro-para-se-aposentar","status":"publish","type":"post","link":"https:\/\/www.sudoestehoje.com.br\/novoportal\/2018\/11\/23\/rui-diz-que-servidor-vai-ter-que-contribuir-com-mais-dinheiro-para-se-aposentar\/","title":{"rendered":"RUI DIZ QUE SERVIDOR VAI TER QUE CONTRIBUIR COM MAIS DINHEIRO PARA SE APOSENTAR"},"content":{"rendered":"<p><a href=\"http:\/\/www.sudoestehoje.com.br\/novoportal\/wp-content\/uploads\/2018\/11\/rui-servidores.jpg\"><img loading=\"lazy\" decoding=\"async\" class=\"aligncenter size-medium wp-image-76623\" src=\"http:\/\/www.sudoestehoje.com.br\/novoportal\/wp-content\/uploads\/2018\/11\/rui-servidores-500x235.jpg\" alt=\"\" width=\"500\" height=\"235\" srcset=\"https:\/\/www.sudoestehoje.com.br\/novoportal\/wp-content\/uploads\/2018\/11\/rui-servidores-500x235.jpg 500w, https:\/\/www.sudoestehoje.com.br\/novoportal\/wp-content\/uploads\/2018\/11\/rui-servidores-768x361.jpg 768w, https:\/\/www.sudoestehoje.com.br\/novoportal\/wp-content\/uploads\/2018\/11\/rui-servidores-700x329.jpg 700w, https:\/\/www.sudoestehoje.com.br\/novoportal\/wp-content\/uploads\/2018\/11\/rui-servidores.jpg 1600w\" sizes=\"auto, (max-width: 500px) 100vw, 500px\" \/><\/a><\/p>\n<p>O governador Rui Costa (PT) afirmou hoje (23) que o servidor p\u00fablico estadual ter\u00e1 que contribuir com mais dinheiro para se aposentar. A al\u00edquota descontada dos sal\u00e1rios dos servidores do Estado deve mudar de 12% para 14%.<\/p>\n<p>A informa\u00e7\u00e3o foi confirmada durante a inaugura\u00e7\u00e3o\u00a0do primeiro trecho da Avenida 29 de Mar\u00e7o, em Salvador.<\/p>\n<p>&#8220;Aqui na Bahia o fen\u00f4meno que se viu foi de que, com o an\u00fancio da reforma da Previd\u00eancia, que n\u00e3o aconteceu, houve uma corrida para aposentadoria. Nesses quatro anos, se aposentaram 23 mil pessoas na Bahia. \u00c9 o maior n\u00famero em todo o estado, nunca houve isso. Duplicamos o d\u00e9ficit com isso, que era de 2 bilh\u00f5es e passou a 4 bilh\u00f5es em dezembro. N\u00e3o dobramos a arrecada\u00e7\u00e3o, que n\u00e3o cresceu no estado. \u00c9 preciso tomar provid\u00eancia para que a Bahia n\u00e3o atrase sal\u00e1rios, o que aconteceu em outros estados&#8221;, declarou.<\/p>\n<p>Ainda de acordo com o governador h\u00e1 necessidade de se fazer o que outros estados fizeram para que os sal\u00e1rios n\u00e3o sejam atrasados. A inciativa \u00e9 buscar um maior equil\u00edbrio nas contas da gest\u00e3o estadual.<\/p>\n<p>&#8220;N\u00e3o podemos ficar inertes, temos que tomar medidas que busquem diminuir o d\u00e9ficit. Uma delas \u00e9 essa, de aumentar de 12% para 14%. V\u00e1rios estados j\u00e1 aprovaram a medida, alguns h\u00e1 tr\u00eas anos. A Bahia segurou o m\u00e1ximo que pode, mas agora tem que ir a 14% porque \u00e9 fundamental n\u00e3o correr risco de atrasar sal\u00e1rios dos servidores&#8221;, disse. \/\/Metro<\/p>\n","protected":false},"excerpt":{"rendered":"<p>O governador Rui Costa (PT) afirmou hoje (23) que o servidor p\u00fablico estadual ter\u00e1 que contribuir com mais dinheiro para se aposentar. A al\u00edquota descontada dos sal\u00e1rios dos servidores do Estado deve mudar de 12% para 14%. A informa\u00e7\u00e3o foi confirmada durante a inaugura\u00e7\u00e3o\u00a0do primeiro trecho da Avenida 29 de Mar\u00e7o, em Salvador. &#8220;Aqui na [&hellip;]<\/p>\n","protected":false},"author":2,"featured_media":76623,"comment_status":"open","ping_status":"open","sticky":false,"template":"","format":"standard","meta":{"footnotes":"","_links_to":"","_links_to_target":""},"categories":[1],"tags":[],"class_list":["post-76622","post","type-post","status-publish","format-standard","has-post-thumbnail","hentry","category-geral"],"views":1184,"_links":{"self":[{"href":"https:\/\/www.sudoestehoje.com.br\/novoportal\/wp-json\/wp\/v2\/posts\/76622","targetHints":{"allow":["GET"]}}],"collection":[{"href":"https:\/\/www.sudoestehoje.com.br\/novoportal\/wp-json\/wp\/v2\/posts"}],"about":[{"href":"https:\/\/www.sudoestehoje.com.br\/novoportal\/wp-json\/wp\/v2\/types\/post"}],"author":[{"embeddable":true,"href":"https:\/\/www.sudoestehoje.com.br\/novoportal\/wp-json\/wp\/v2\/users\/2"}],"replies":[{"embeddable":true,"href":"https:\/\/www.sudoestehoje.com.br\/novoportal\/wp-json\/wp\/v2\/comments?post=76622"}],"version-history":[{"count":2,"href":"https:\/\/www.sudoestehoje.com.br\/novoportal\/wp-json\/wp\/v2\/posts\/76622\/revisions"}],"predecessor-version":[{"id":76625,"href":"https:\/\/www.sudoestehoje.com.br\/novoportal\/wp-json\/wp\/v2\/posts\/76622\/revisions\/76625"}],"wp:featuredmedia":[{"embeddable":true,"href":"https:\/\/www.sudoestehoje.com.br\/novoportal\/wp-json\/wp\/v2\/media\/76623"}],"wp:attachment":[{"href":"https:\/\/www.sudoestehoje.com.br\/novoportal\/wp-json\/wp\/v2\/media?parent=76622"}],"wp:term":[{"taxonomy":"category","embeddable":true,"href":"https:\/\/www.sudoestehoje.com.br\/novoportal\/wp-json\/wp\/v2\/categories?post=76622"},{"taxonomy":"post_tag","embeddable":true,"href":"https:\/\/www.sudoestehoje.com.br\/novoportal\/wp-json\/wp\/v2\/tags?post=76622"}],"curies":[{"name":"wp","href":"https:\/\/api.w.org\/{rel}","templated":true}]}}