
{"id":76578,"date":"2018-11-22T19:16:07","date_gmt":"2018-11-22T22:16:07","guid":{"rendered":"http:\/\/www.sudoestehoje.com.br\/novoportal\/?p=76578"},"modified":"2018-11-22T19:16:07","modified_gmt":"2018-11-22T22:16:07","slug":"rui-costa-convoca-reuniao-para-tratar-do-fechamento-de-escolas-estaduais","status":"publish","type":"post","link":"https:\/\/www.sudoestehoje.com.br\/novoportal\/2018\/11\/22\/rui-costa-convoca-reuniao-para-tratar-do-fechamento-de-escolas-estaduais\/","title":{"rendered":"RUI COSTA CONVOCA REUNI\u00c3O PARA TRATAR DO FECHAMENTO DE ESCOLAS ESTADUAIS"},"content":{"rendered":"<p><a href=\"http:\/\/www.sudoestehoje.com.br\/novoportal\/wp-content\/uploads\/2018\/11\/rui-costa-.jpg\"><img loading=\"lazy\" decoding=\"async\" class=\"aligncenter size-medium wp-image-76580\" src=\"http:\/\/www.sudoestehoje.com.br\/novoportal\/wp-content\/uploads\/2018\/11\/rui-costa--500x265.jpg\" alt=\"\" width=\"500\" height=\"265\" srcset=\"https:\/\/www.sudoestehoje.com.br\/novoportal\/wp-content\/uploads\/2018\/11\/rui-costa--500x265.jpg 500w, https:\/\/www.sudoestehoje.com.br\/novoportal\/wp-content\/uploads\/2018\/11\/rui-costa-.jpg 650w\" sizes=\"auto, (max-width: 500px) 100vw, 500px\" \/><\/a><\/p>\n<p>O governador reeleito Rui Costa (PT) convocou uma reuni\u00e3o com integrantes da \u00e1rea de educa\u00e7\u00e3o para tratar do fechamento de escolas estaduais. Segundo apurou o Bahia Not\u00edcias, o encontro n\u00e3o tem data definida, mas deve acontecer at\u00e9 a pr\u00f3xima segunda-feira (26).<\/p>\n<p>Nesta quinta-feira (22), pais e alunos protestaram em Salvador contra o fechamento das unidades escolares. O superintendente de Educa\u00e7\u00e3o B\u00e1sica da Secretaria Estadual de Educa\u00e7\u00e3o (SEC), Ney Campello, disse, em entrevista \u00e0 TV Bahia, que n\u00e3o haver\u00e1 encerramento das escolas, mas sim \u201crestrutura\u00e7\u00e3o\u201d.<\/p>\n","protected":false},"excerpt":{"rendered":"<p>O governador reeleito Rui Costa (PT) convocou uma reuni\u00e3o com integrantes da \u00e1rea de educa\u00e7\u00e3o para tratar do fechamento de escolas estaduais. Segundo apurou o Bahia Not\u00edcias, o encontro n\u00e3o tem data definida, mas deve acontecer at\u00e9 a pr\u00f3xima segunda-feira (26). Nesta quinta-feira (22), pais e alunos protestaram em Salvador contra o fechamento das unidades [&hellip;]<\/p>\n","protected":false},"author":2,"featured_media":76580,"comment_status":"open","ping_status":"open","sticky":false,"template":"","format":"standard","meta":{"footnotes":"","_links_to":"","_links_to_target":""},"categories":[1],"tags":[],"class_list":["post-76578","post","type-post","status-publish","format-standard","has-post-thumbnail","hentry","category-geral"],"views":1164,"_links":{"self":[{"href":"https:\/\/www.sudoestehoje.com.br\/novoportal\/wp-json\/wp\/v2\/posts\/76578","targetHints":{"allow":["GET"]}}],"collection":[{"href":"https:\/\/www.sudoestehoje.com.br\/novoportal\/wp-json\/wp\/v2\/posts"}],"about":[{"href":"https:\/\/www.sudoestehoje.com.br\/novoportal\/wp-json\/wp\/v2\/types\/post"}],"author":[{"embeddable":true,"href":"https:\/\/www.sudoestehoje.com.br\/novoportal\/wp-json\/wp\/v2\/users\/2"}],"replies":[{"embeddable":true,"href":"https:\/\/www.sudoestehoje.com.br\/novoportal\/wp-json\/wp\/v2\/comments?post=76578"}],"version-history":[{"count":2,"href":"https:\/\/www.sudoestehoje.com.br\/novoportal\/wp-json\/wp\/v2\/posts\/76578\/revisions"}],"predecessor-version":[{"id":76581,"href":"https:\/\/www.sudoestehoje.com.br\/novoportal\/wp-json\/wp\/v2\/posts\/76578\/revisions\/76581"}],"wp:featuredmedia":[{"embeddable":true,"href":"https:\/\/www.sudoestehoje.com.br\/novoportal\/wp-json\/wp\/v2\/media\/76580"}],"wp:attachment":[{"href":"https:\/\/www.sudoestehoje.com.br\/novoportal\/wp-json\/wp\/v2\/media?parent=76578"}],"wp:term":[{"taxonomy":"category","embeddable":true,"href":"https:\/\/www.sudoestehoje.com.br\/novoportal\/wp-json\/wp\/v2\/categories?post=76578"},{"taxonomy":"post_tag","embeddable":true,"href":"https:\/\/www.sudoestehoje.com.br\/novoportal\/wp-json\/wp\/v2\/tags?post=76578"}],"curies":[{"name":"wp","href":"https:\/\/api.w.org\/{rel}","templated":true}]}}