
{"id":76571,"date":"2018-11-21T14:42:55","date_gmt":"2018-11-21T17:42:55","guid":{"rendered":"http:\/\/www.sudoestehoje.com.br\/novoportal\/?p=76571"},"modified":"2018-11-21T14:42:55","modified_gmt":"2018-11-21T17:42:55","slug":"luto-morre-em-salvador-jose-carlos-dos-anjos-o-popular-ze-carlinhos","status":"publish","type":"post","link":"https:\/\/www.sudoestehoje.com.br\/novoportal\/2018\/11\/21\/luto-morre-em-salvador-jose-carlos-dos-anjos-o-popular-ze-carlinhos\/","title":{"rendered":"LUTO! MORRE EM SALVADOR JOS\u00c9 CARLOS DOS ANJOS, O POPULAR &#8216;Z\u00c9 CARLINHOS&#8217;"},"content":{"rendered":"<p><a href=\"http:\/\/www.sudoestehoje.com.br\/novoportal\/wp-content\/uploads\/2018\/11\/ze-carlinhos-1.jpg\"><img loading=\"lazy\" decoding=\"async\" class=\"aligncenter size-full wp-image-76572\" src=\"http:\/\/www.sudoestehoje.com.br\/novoportal\/wp-content\/uploads\/2018\/11\/ze-carlinhos-1.jpg\" alt=\"\" width=\"414\" height=\"414\" srcset=\"https:\/\/www.sudoestehoje.com.br\/novoportal\/wp-content\/uploads\/2018\/11\/ze-carlinhos-1.jpg 414w, https:\/\/www.sudoestehoje.com.br\/novoportal\/wp-content\/uploads\/2018\/11\/ze-carlinhos-1-150x150.jpg 150w\" sizes=\"auto, (max-width: 414px) 100vw, 414px\" \/><\/a><\/p>\n<p>Faleceu, na manh\u00e3 desta quarta-feira (21), o itapetinguense Jos\u00e9 Carlos dos Anjos, conhecido popularmente por Z\u00e9 Carlinhos. O \u00f3bito ocorreu em Salvador, de causas naturais.<\/p>\n<p>Segundo informa\u00e7\u00f5es de familiares e amigos de Z\u00e9 Carlinhos, o corpo est\u00e1 sendo trasladado para Itapetinga, onde ser\u00e1 velado e sepultado, na manh\u00e3 desta quinta-feira (22).<\/p>\n<p>Ainda n\u00e3o h\u00e1 informa\u00e7\u00f5es sobre o local do vel\u00f3rio e sepultamento.<\/p>\n<p>O Sudoeste Hoje manifesta o seu imenso pesar pela perda do amigo Z\u00e9 Carlinhos, figura querida em Itapetinga e toda a regi\u00e3o.<\/p>\n<p><strong><em>Davi Ferraz \u2013 Editor\u00a0<\/em><\/strong><\/p>\n","protected":false},"excerpt":{"rendered":"<p>Faleceu, na manh\u00e3 desta quarta-feira (21), o itapetinguense Jos\u00e9 Carlos dos Anjos, conhecido popularmente por Z\u00e9 Carlinhos. O \u00f3bito ocorreu em Salvador, de causas naturais. Segundo informa\u00e7\u00f5es de familiares e amigos de Z\u00e9 Carlinhos, o corpo est\u00e1 sendo trasladado para Itapetinga, onde ser\u00e1 velado e sepultado, na manh\u00e3 desta quinta-feira (22). Ainda n\u00e3o h\u00e1 informa\u00e7\u00f5es [&hellip;]<\/p>\n","protected":false},"author":2,"featured_media":76572,"comment_status":"open","ping_status":"open","sticky":false,"template":"","format":"standard","meta":{"footnotes":"","_links_to":"","_links_to_target":""},"categories":[1],"tags":[],"class_list":["post-76571","post","type-post","status-publish","format-standard","has-post-thumbnail","hentry","category-geral"],"views":1625,"_links":{"self":[{"href":"https:\/\/www.sudoestehoje.com.br\/novoportal\/wp-json\/wp\/v2\/posts\/76571","targetHints":{"allow":["GET"]}}],"collection":[{"href":"https:\/\/www.sudoestehoje.com.br\/novoportal\/wp-json\/wp\/v2\/posts"}],"about":[{"href":"https:\/\/www.sudoestehoje.com.br\/novoportal\/wp-json\/wp\/v2\/types\/post"}],"author":[{"embeddable":true,"href":"https:\/\/www.sudoestehoje.com.br\/novoportal\/wp-json\/wp\/v2\/users\/2"}],"replies":[{"embeddable":true,"href":"https:\/\/www.sudoestehoje.com.br\/novoportal\/wp-json\/wp\/v2\/comments?post=76571"}],"version-history":[{"count":1,"href":"https:\/\/www.sudoestehoje.com.br\/novoportal\/wp-json\/wp\/v2\/posts\/76571\/revisions"}],"predecessor-version":[{"id":76573,"href":"https:\/\/www.sudoestehoje.com.br\/novoportal\/wp-json\/wp\/v2\/posts\/76571\/revisions\/76573"}],"wp:featuredmedia":[{"embeddable":true,"href":"https:\/\/www.sudoestehoje.com.br\/novoportal\/wp-json\/wp\/v2\/media\/76572"}],"wp:attachment":[{"href":"https:\/\/www.sudoestehoje.com.br\/novoportal\/wp-json\/wp\/v2\/media?parent=76571"}],"wp:term":[{"taxonomy":"category","embeddable":true,"href":"https:\/\/www.sudoestehoje.com.br\/novoportal\/wp-json\/wp\/v2\/categories?post=76571"},{"taxonomy":"post_tag","embeddable":true,"href":"https:\/\/www.sudoestehoje.com.br\/novoportal\/wp-json\/wp\/v2\/tags?post=76571"}],"curies":[{"name":"wp","href":"https:\/\/api.w.org\/{rel}","templated":true}]}}