
{"id":76551,"date":"2018-11-19T21:47:22","date_gmt":"2018-11-20T00:47:22","guid":{"rendered":"http:\/\/www.sudoestehoje.com.br\/novoportal\/?p=76551"},"modified":"2018-11-19T21:53:44","modified_gmt":"2018-11-20T00:53:44","slug":"hadhaddad-vira-reu-por-corrupcao-em-processo-derivado-da-lava-jato","status":"publish","type":"post","link":"https:\/\/www.sudoestehoje.com.br\/novoportal\/2018\/11\/19\/hadhaddad-vira-reu-por-corrupcao-em-processo-derivado-da-lava-jato\/","title":{"rendered":"HADDAD VIRA R\u00c9U POR CORRUP\u00c7\u00c3O EM PROCESSO DERIVADO DA LAVA JATO"},"content":{"rendered":"<p><a href=\"http:\/\/www.sudoestehoje.com.br\/novoportal\/wp-content\/uploads\/2018\/11\/hadda-1000x530.jpg\"><img loading=\"lazy\" decoding=\"async\" class=\"aligncenter size-medium wp-image-76552\" src=\"http:\/\/www.sudoestehoje.com.br\/novoportal\/wp-content\/uploads\/2018\/11\/hadda-1000x530-500x265.jpg\" alt=\"\" width=\"500\" height=\"265\" srcset=\"https:\/\/www.sudoestehoje.com.br\/novoportal\/wp-content\/uploads\/2018\/11\/hadda-1000x530-500x265.jpg 500w, https:\/\/www.sudoestehoje.com.br\/novoportal\/wp-content\/uploads\/2018\/11\/hadda-1000x530-768x407.jpg 768w, https:\/\/www.sudoestehoje.com.br\/novoportal\/wp-content\/uploads\/2018\/11\/hadda-1000x530-700x371.jpg 700w, https:\/\/www.sudoestehoje.com.br\/novoportal\/wp-content\/uploads\/2018\/11\/hadda-1000x530.jpg 1000w\" sizes=\"auto, (max-width: 500px) 100vw, 500px\" \/><\/a><\/p>\n<p>O ex-prefeito de S\u00e3o Paulo Fernando Haddad (PT), segundo colocado na elei\u00e7\u00e3o presidencial deste ano, virou r\u00e9u por corrup\u00e7\u00e3o passiva e lavagem de dinheiro em a\u00e7\u00e3o judicial que apura se ele recebeu repasses da empreiteira UTC Engenharia entre maio e junho de 2013 para pagamento de d\u00edvidas de sua campanha \u00e0 prefeitura paulistana em 2012.<\/p>\n<p>A den\u00fancia foi apresentada pelo Minist\u00e9rio P\u00fablico de S\u00e3o Paulo e aceita nesta segunda-feira, 19, pela Justi\u00e7a. O valor envolvido nos repasses chegaria a R$ 2,6 milh\u00f5es. Haddad nega a acusa\u00e7\u00e3o e afirma que a UTC teve interesses contrariados durante sua gest\u00e3o.<\/p>\n","protected":false},"excerpt":{"rendered":"<p>O ex-prefeito de S\u00e3o Paulo Fernando Haddad (PT), segundo colocado na elei\u00e7\u00e3o presidencial deste ano, virou r\u00e9u por corrup\u00e7\u00e3o passiva e lavagem de dinheiro em a\u00e7\u00e3o judicial que apura se ele recebeu repasses da empreiteira UTC Engenharia entre maio e junho de 2013 para pagamento de d\u00edvidas de sua campanha \u00e0 prefeitura paulistana em 2012. [&hellip;]<\/p>\n","protected":false},"author":2,"featured_media":76552,"comment_status":"open","ping_status":"open","sticky":false,"template":"","format":"standard","meta":{"footnotes":"","_links_to":"","_links_to_target":""},"categories":[1],"tags":[],"class_list":["post-76551","post","type-post","status-publish","format-standard","has-post-thumbnail","hentry","category-geral"],"views":983,"_links":{"self":[{"href":"https:\/\/www.sudoestehoje.com.br\/novoportal\/wp-json\/wp\/v2\/posts\/76551","targetHints":{"allow":["GET"]}}],"collection":[{"href":"https:\/\/www.sudoestehoje.com.br\/novoportal\/wp-json\/wp\/v2\/posts"}],"about":[{"href":"https:\/\/www.sudoestehoje.com.br\/novoportal\/wp-json\/wp\/v2\/types\/post"}],"author":[{"embeddable":true,"href":"https:\/\/www.sudoestehoje.com.br\/novoportal\/wp-json\/wp\/v2\/users\/2"}],"replies":[{"embeddable":true,"href":"https:\/\/www.sudoestehoje.com.br\/novoportal\/wp-json\/wp\/v2\/comments?post=76551"}],"version-history":[{"count":2,"href":"https:\/\/www.sudoestehoje.com.br\/novoportal\/wp-json\/wp\/v2\/posts\/76551\/revisions"}],"predecessor-version":[{"id":76554,"href":"https:\/\/www.sudoestehoje.com.br\/novoportal\/wp-json\/wp\/v2\/posts\/76551\/revisions\/76554"}],"wp:featuredmedia":[{"embeddable":true,"href":"https:\/\/www.sudoestehoje.com.br\/novoportal\/wp-json\/wp\/v2\/media\/76552"}],"wp:attachment":[{"href":"https:\/\/www.sudoestehoje.com.br\/novoportal\/wp-json\/wp\/v2\/media?parent=76551"}],"wp:term":[{"taxonomy":"category","embeddable":true,"href":"https:\/\/www.sudoestehoje.com.br\/novoportal\/wp-json\/wp\/v2\/categories?post=76551"},{"taxonomy":"post_tag","embeddable":true,"href":"https:\/\/www.sudoestehoje.com.br\/novoportal\/wp-json\/wp\/v2\/tags?post=76551"}],"curies":[{"name":"wp","href":"https:\/\/api.w.org\/{rel}","templated":true}]}}