
{"id":76533,"date":"2018-11-17T20:38:37","date_gmt":"2018-11-17T23:38:37","guid":{"rendered":"http:\/\/www.sudoestehoje.com.br\/novoportal\/?p=76533"},"modified":"2018-11-17T20:38:37","modified_gmt":"2018-11-17T23:38:37","slug":"motorista-morre-em-acidente-com-caminhao-tanque-na-serra-do-marcal","status":"publish","type":"post","link":"https:\/\/www.sudoestehoje.com.br\/novoportal\/2018\/11\/17\/motorista-morre-em-acidente-com-caminhao-tanque-na-serra-do-marcal\/","title":{"rendered":"MOTORISTA MORRE EM ACIDENTE COM CAMINH\u00c3O TANQUE NA SERRA DO MAR\u00c7AL"},"content":{"rendered":"<p><a href=\"http:\/\/www.sudoestehoje.com.br\/novoportal\/wp-content\/uploads\/2018\/11\/mar\u00e7al-1.jpg\"><img loading=\"lazy\" decoding=\"async\" class=\"aligncenter size-medium wp-image-76534\" src=\"http:\/\/www.sudoestehoje.com.br\/novoportal\/wp-content\/uploads\/2018\/11\/mar\u00e7al-1-500x386.jpg\" alt=\"\" width=\"500\" height=\"386\" srcset=\"https:\/\/www.sudoestehoje.com.br\/novoportal\/wp-content\/uploads\/2018\/11\/mar\u00e7al-1-500x386.jpg 500w, https:\/\/www.sudoestehoje.com.br\/novoportal\/wp-content\/uploads\/2018\/11\/mar\u00e7al-1.jpg 571w\" sizes=\"auto, (max-width: 500px) 100vw, 500px\" \/><\/a><\/p>\n<p>No final da tarde deste s\u00e1bado (17), um grave acidente matou o motorista de um caminh\u00e3o tanque que levava combust\u00edvel (etanol) para um posto de Itamb\u00e9, \u00e0s margens da BA-263.<\/p>\n<p>Segundo informa\u00e7\u00f5es da Pol\u00edcia Rodovi\u00e1ria Militar, Corpo de Bombeiros e SAMUR 192, o motorista perdeu o controle do caminh\u00e3o e acabou batendo no barranco.<\/p>\n<p>O condutor do ve\u00edculo ficou preso nas ferragens e morreu no local. A pista ficou interditada at\u00e9 o in\u00edcio da noite, porque houve vazamento de combust\u00edvel na pista, causando congestionamento nos dois sentidos da rodovia. O nome da v\u00edtima n\u00e3o havia sido revelado at\u00e9 o final desta reportagem.<\/p>\n\n\t\t<style type=\"text\/css\">\n\t\t\t#gallery-1 {\n\t\t\t\tmargin: auto;\n\t\t\t}\n\t\t\t#gallery-1 .gallery-item {\n\t\t\t\tfloat: left;\n\t\t\t\tmargin-top: 10px;\n\t\t\t\ttext-align: center;\n\t\t\t\twidth: 33%;\n\t\t\t}\n\t\t\t#gallery-1 img {\n\t\t\t\tborder: 2px solid #cfcfcf;\n\t\t\t}\n\t\t\t#gallery-1 .gallery-caption {\n\t\t\t\tmargin-left: 0;\n\t\t\t}\n\t\t\t\/* see gallery_shortcode() in wp-includes\/media.php *\/\n\t\t<\/style>\n\t\t<div id='gallery-1' class='gallery galleryid-76533 gallery-columns-3 gallery-size-thumbnail'><dl class='gallery-item'>\n\t\t\t<dt class='gallery-icon landscape'>\n\t\t\t\t<a href='https:\/\/www.sudoestehoje.com.br\/novoportal\/2018\/11\/17\/motorista-morre-em-acidente-com-caminhao-tanque-na-serra-do-marcal\/marcal-4\/'><img loading=\"lazy\" decoding=\"async\" width=\"150\" height=\"150\" src=\"https:\/\/www.sudoestehoje.com.br\/novoportal\/wp-content\/uploads\/2018\/11\/mar\u00e7al-4-150x150.jpg\" class=\"attachment-thumbnail size-thumbnail\" alt=\"\" \/><\/a>\n\t\t\t<\/dt><\/dl><dl class='gallery-item'>\n\t\t\t<dt class='gallery-icon landscape'>\n\t\t\t\t<a href='https:\/\/www.sudoestehoje.com.br\/novoportal\/2018\/11\/17\/motorista-morre-em-acidente-com-caminhao-tanque-na-serra-do-marcal\/marcal-3\/'><img loading=\"lazy\" decoding=\"async\" width=\"150\" height=\"150\" src=\"https:\/\/www.sudoestehoje.com.br\/novoportal\/wp-content\/uploads\/2018\/11\/mar\u00e7al-3-150x150.jpg\" class=\"attachment-thumbnail size-thumbnail\" alt=\"\" \/><\/a>\n\t\t\t<\/dt><\/dl><dl class='gallery-item'>\n\t\t\t<dt class='gallery-icon landscape'>\n\t\t\t\t<a href='https:\/\/www.sudoestehoje.com.br\/novoportal\/2018\/11\/17\/motorista-morre-em-acidente-com-caminhao-tanque-na-serra-do-marcal\/marcal-2\/'><img loading=\"lazy\" decoding=\"async\" width=\"150\" height=\"150\" src=\"https:\/\/www.sudoestehoje.com.br\/novoportal\/wp-content\/uploads\/2018\/11\/mar\u00e7al-2-150x150.jpg\" class=\"attachment-thumbnail size-thumbnail\" alt=\"\" \/><\/a>\n\t\t\t<\/dt><\/dl><br style=\"clear: both\" \/>\n\t\t<\/div>\n\n<p><strong><em>Reda\u00e7\u00e3o SH\u00a0<\/em><\/strong><\/p>\n","protected":false},"excerpt":{"rendered":"<p>No final da tarde deste s\u00e1bado (17), um grave acidente matou o motorista de um caminh\u00e3o tanque que levava combust\u00edvel (etanol) para um posto de Itamb\u00e9, \u00e0s margens da BA-263. Segundo informa\u00e7\u00f5es da Pol\u00edcia Rodovi\u00e1ria Militar, Corpo de Bombeiros e SAMUR 192, o motorista perdeu o controle do caminh\u00e3o e acabou batendo no barranco. O [&hellip;]<\/p>\n","protected":false},"author":2,"featured_media":76534,"comment_status":"open","ping_status":"open","sticky":false,"template":"","format":"standard","meta":{"footnotes":"","_links_to":"","_links_to_target":""},"categories":[1],"tags":[],"class_list":["post-76533","post","type-post","status-publish","format-standard","has-post-thumbnail","hentry","category-geral"],"views":2002,"_links":{"self":[{"href":"https:\/\/www.sudoestehoje.com.br\/novoportal\/wp-json\/wp\/v2\/posts\/76533","targetHints":{"allow":["GET"]}}],"collection":[{"href":"https:\/\/www.sudoestehoje.com.br\/novoportal\/wp-json\/wp\/v2\/posts"}],"about":[{"href":"https:\/\/www.sudoestehoje.com.br\/novoportal\/wp-json\/wp\/v2\/types\/post"}],"author":[{"embeddable":true,"href":"https:\/\/www.sudoestehoje.com.br\/novoportal\/wp-json\/wp\/v2\/users\/2"}],"replies":[{"embeddable":true,"href":"https:\/\/www.sudoestehoje.com.br\/novoportal\/wp-json\/wp\/v2\/comments?post=76533"}],"version-history":[{"count":2,"href":"https:\/\/www.sudoestehoje.com.br\/novoportal\/wp-json\/wp\/v2\/posts\/76533\/revisions"}],"predecessor-version":[{"id":76539,"href":"https:\/\/www.sudoestehoje.com.br\/novoportal\/wp-json\/wp\/v2\/posts\/76533\/revisions\/76539"}],"wp:featuredmedia":[{"embeddable":true,"href":"https:\/\/www.sudoestehoje.com.br\/novoportal\/wp-json\/wp\/v2\/media\/76534"}],"wp:attachment":[{"href":"https:\/\/www.sudoestehoje.com.br\/novoportal\/wp-json\/wp\/v2\/media?parent=76533"}],"wp:term":[{"taxonomy":"category","embeddable":true,"href":"https:\/\/www.sudoestehoje.com.br\/novoportal\/wp-json\/wp\/v2\/categories?post=76533"},{"taxonomy":"post_tag","embeddable":true,"href":"https:\/\/www.sudoestehoje.com.br\/novoportal\/wp-json\/wp\/v2\/tags?post=76533"}],"curies":[{"name":"wp","href":"https:\/\/api.w.org\/{rel}","templated":true}]}}