
{"id":76520,"date":"2018-11-16T21:58:16","date_gmt":"2018-11-17T00:58:16","guid":{"rendered":"http:\/\/www.sudoestehoje.com.br\/novoportal\/?p=76520"},"modified":"2018-11-16T21:58:16","modified_gmt":"2018-11-17T00:58:16","slug":"mais-de-100-animais-morrem-intoxicados-em-fazenda-na-regiao-sudoeste-2","status":"publish","type":"post","link":"https:\/\/www.sudoestehoje.com.br\/novoportal\/2018\/11\/16\/mais-de-100-animais-morrem-intoxicados-em-fazenda-na-regiao-sudoeste-2\/","title":{"rendered":"MAIS DE 100 ANIMAIS MORREM INTOXICADOS EM FAZENDA NA REGI\u00c3O SUDOESTE"},"content":{"rendered":"<div class=\"mc-column content-text active-extra-styles active-capital-letter\" data-block-type=\"unstyled\" data-block-weight=\"42\" data-block-id=\"2\">\n<p class=\"content-text__container theme-color-primary-first-letter\" data-track-category=\"Link no Texto\" data-track-links=\"\"><a href=\"http:\/\/www.sudoestehoje.com.br\/novoportal\/wp-content\/uploads\/2018\/11\/morte-gados-1.jpg\"><img loading=\"lazy\" decoding=\"async\" class=\"aligncenter size-medium wp-image-76521\" src=\"http:\/\/www.sudoestehoje.com.br\/novoportal\/wp-content\/uploads\/2018\/11\/morte-gados-1-500x350.jpg\" alt=\"\" width=\"500\" height=\"350\" srcset=\"https:\/\/www.sudoestehoje.com.br\/novoportal\/wp-content\/uploads\/2018\/11\/morte-gados-1-500x350.jpg 500w, https:\/\/www.sudoestehoje.com.br\/novoportal\/wp-content\/uploads\/2018\/11\/morte-gados-1.jpg 600w\" sizes=\"auto, (max-width: 500px) 100vw, 500px\" \/><\/a><\/p>\n<p class=\"content-text__container theme-color-primary-first-letter\" data-track-category=\"Link no Texto\" data-track-links=\"\">Ao menos 105 animais morreram em um intervalo de dois dias em uma fazenda da zona rural de Tanha\u00e7u, no sudoeste da Bahia. De acordo com a Ag\u00eancia de Defesa Agropecu\u00e1ria da Bahia (Adab), intoxica\u00e7\u00e3o alimentar \u00e9 a principal suspeita das mortes.<\/p>\n<\/div>\n<div class=\"wall protected-content\">\n<div class=\"mc-column content-text active-extra-styles \" data-block-type=\"unstyled\" data-block-weight=\"28\" data-block-id=\"3\">\n<p class=\"content-text__container \" data-track-category=\"Link no Texto\" data-track-links=\"\">Na ter\u00e7a-feira (13), 60 animais foram encontrados mortos na Fazenda Pica-pau. Desde ent\u00e3o, outros animais morreram na mesma localidade. At\u00e9 a quinta-feira (15), o n\u00famero chegou a 105.<\/p>\n<\/div>\n<div class=\"mc-column content-text active-extra-styles \" data-block-type=\"unstyled\" data-block-weight=\"44\" data-block-id=\"4\">\n<p class=\"content-text__container \" data-track-category=\"Link no Texto\" data-track-links=\"\">De acordo com a Adab, que investiga a causa das mortes, por conta do per\u00edodo estiagem na regi\u00e3o, o gado se alimentava com milho e sementes de algod\u00e3o. Normalmente, essas s\u00e3o as op\u00e7\u00f5es dos criadores para a falta de pastagem em tempos de seca.<\/p>\n<\/div>\n<div class=\"mc-column content-text active-extra-styles \" data-block-type=\"unstyled\" data-block-weight=\"28\" data-block-id=\"5\">\n<p class=\"content-text__container \" data-track-category=\"Link no Texto\" data-track-links=\"\">Os ind\u00edcios s\u00e3o de que os animais tenham ingerido uma quantidade concentrada e n\u00e3o volumosa, em altas doses de aditivo alimentar, o que teria gerado uma rea\u00e7\u00e3o intoxicante.<\/p>\n<\/div>\n<div data-track-category=\"fim do conteudo\" data-track-action=\"ultimo chunk conteudo\" data-track-noninteraction=\"false\" data-track-scroll=\"entrada completa viewport\">\n<div class=\"mc-column content-text active-extra-styles \" data-block-type=\"unstyled\" data-block-weight=\"35\" data-block-id=\"6\">\n<p class=\"content-text__container \" data-track-category=\"Link no Texto\" data-track-links=\"\">Ainda segundo a Adab, at\u00e9 a manh\u00e3 desta sexta-feira (16), 4 animais foram periciados. A an\u00e1lise nesses animais comprova a tend\u00eancia da intoxica\u00e7\u00e3o. O laudo final da causa das mortes deve sair nos pr\u00f3ximos dias.<\/p>\n<\/div>\n<\/div>\n<\/div>\n","protected":false},"excerpt":{"rendered":"<p>Ao menos 105 animais morreram em um intervalo de dois dias em uma fazenda da zona rural de Tanha\u00e7u, no sudoeste da Bahia. De acordo com a Ag\u00eancia de Defesa Agropecu\u00e1ria da Bahia (Adab), intoxica\u00e7\u00e3o alimentar \u00e9 a principal suspeita das mortes. Na ter\u00e7a-feira (13), 60 animais foram encontrados mortos na Fazenda Pica-pau. Desde ent\u00e3o, [&hellip;]<\/p>\n","protected":false},"author":2,"featured_media":76521,"comment_status":"open","ping_status":"open","sticky":false,"template":"","format":"standard","meta":{"footnotes":"","_links_to":"","_links_to_target":""},"categories":[1],"tags":[],"class_list":["post-76520","post","type-post","status-publish","format-standard","has-post-thumbnail","hentry","category-geral"],"views":1359,"_links":{"self":[{"href":"https:\/\/www.sudoestehoje.com.br\/novoportal\/wp-json\/wp\/v2\/posts\/76520","targetHints":{"allow":["GET"]}}],"collection":[{"href":"https:\/\/www.sudoestehoje.com.br\/novoportal\/wp-json\/wp\/v2\/posts"}],"about":[{"href":"https:\/\/www.sudoestehoje.com.br\/novoportal\/wp-json\/wp\/v2\/types\/post"}],"author":[{"embeddable":true,"href":"https:\/\/www.sudoestehoje.com.br\/novoportal\/wp-json\/wp\/v2\/users\/2"}],"replies":[{"embeddable":true,"href":"https:\/\/www.sudoestehoje.com.br\/novoportal\/wp-json\/wp\/v2\/comments?post=76520"}],"version-history":[{"count":1,"href":"https:\/\/www.sudoestehoje.com.br\/novoportal\/wp-json\/wp\/v2\/posts\/76520\/revisions"}],"predecessor-version":[{"id":76522,"href":"https:\/\/www.sudoestehoje.com.br\/novoportal\/wp-json\/wp\/v2\/posts\/76520\/revisions\/76522"}],"wp:featuredmedia":[{"embeddable":true,"href":"https:\/\/www.sudoestehoje.com.br\/novoportal\/wp-json\/wp\/v2\/media\/76521"}],"wp:attachment":[{"href":"https:\/\/www.sudoestehoje.com.br\/novoportal\/wp-json\/wp\/v2\/media?parent=76520"}],"wp:term":[{"taxonomy":"category","embeddable":true,"href":"https:\/\/www.sudoestehoje.com.br\/novoportal\/wp-json\/wp\/v2\/categories?post=76520"},{"taxonomy":"post_tag","embeddable":true,"href":"https:\/\/www.sudoestehoje.com.br\/novoportal\/wp-json\/wp\/v2\/tags?post=76520"}],"curies":[{"name":"wp","href":"https:\/\/api.w.org\/{rel}","templated":true}]}}