
{"id":76511,"date":"2018-11-16T20:12:50","date_gmt":"2018-11-16T23:12:50","guid":{"rendered":"http:\/\/www.sudoestehoje.com.br\/novoportal\/?p=76511"},"modified":"2018-11-16T20:31:34","modified_gmt":"2018-11-16T23:31:34","slug":"justica-proibe-apreensao-de-veiculo-com-ipva-atrasado-em-salvador","status":"publish","type":"post","link":"https:\/\/www.sudoestehoje.com.br\/novoportal\/2018\/11\/16\/justica-proibe-apreensao-de-veiculo-com-ipva-atrasado-em-salvador\/","title":{"rendered":"JUSTI\u00c7A PRO\u00cdBE APREENS\u00c3O DE VE\u00cdCULO COM IPVA ATRASADO EM SALVADOR"},"content":{"rendered":"<p><a href=\"http:\/\/www.sudoestehoje.com.br\/novoportal\/wp-content\/uploads\/2018\/11\/IPVA.jpg\"><img loading=\"lazy\" decoding=\"async\" class=\"aligncenter size-medium wp-image-76512\" src=\"http:\/\/www.sudoestehoje.com.br\/novoportal\/wp-content\/uploads\/2018\/11\/IPVA-500x281.jpg\" alt=\"\" width=\"500\" height=\"281\" srcset=\"https:\/\/www.sudoestehoje.com.br\/novoportal\/wp-content\/uploads\/2018\/11\/IPVA-500x281.jpg 500w, https:\/\/www.sudoestehoje.com.br\/novoportal\/wp-content\/uploads\/2018\/11\/IPVA-768x432.jpg 768w, https:\/\/www.sudoestehoje.com.br\/novoportal\/wp-content\/uploads\/2018\/11\/IPVA-700x394.jpg 700w, https:\/\/www.sudoestehoje.com.br\/novoportal\/wp-content\/uploads\/2018\/11\/IPVA.jpg 1280w\" sizes=\"auto, (max-width: 500px) 100vw, 500px\" \/><\/a><\/p>\n<p>Uma liminar que pro\u00edbe a apreens\u00e3o de ve\u00edculos por falta de pagamento de IPVA em Salvador foi publicada na quarta-feira (14) pelo juiz da 10\u00ba Vara de Salvador, Evandro Reim\u00e3o dos Reis. A A\u00e7\u00e3o Civil P\u00fablica foi promovida pela\u00a0Procuradoria de Prerrogativas da Ordem dos Advogados da Bahia (OAB).<\/p>\n<p>\u201cDefiro a liminar para determinar si et in quantum aos r\u00e9us estado da Bahia, Departamento Estadual de Tr\u00e2nsito da Bahia (Detran) e Superintend\u00eancia de Tr\u00e2nsito de Salvador (Transalvador), doravante, em opera\u00e7\u00f5es de abordagem de quaisquer ve\u00edculos neste estado n\u00e3o apreend\u00ea-los, ainda que o seu licenciamento n\u00e3o esteja atualizado, por motivo de n\u00e3o pagamento do IPVA\u201d, afirma o magistrado na decis\u00e3o.<\/p>\n<p>O documento diz ainda que as raz\u00f5es que fundamentam o pedido de tutela da OAB-BA se mostram relevantes e que a apreens\u00e3o de ve\u00edculos com IPVA atrasado traz constrangimento aos propriet\u00e1rios. \u201cA reten\u00e7\u00e3o de ve\u00edculo por falta de pagamento do IPVA, a par de evidente inconstitucionalidade, submete o propriet\u00e1rio\/detentor do ve\u00edculo assim apreendido a vexat\u00f3ria e gravosa situa\u00e7\u00e3o\u201d, diz.<\/p>\n<p>A liminar tamb\u00e9m estabelece pena de R$ 2.000, aplicada aos r\u00e9us, por cada ve\u00edculo apreendido pela n\u00e3o quita\u00e7\u00e3o do IPVA, devendo, como forma de demonstrar o cumprimento da ordem judicial, serem apresentados relat\u00f3rios mensais de ve\u00edculos apreendidos e o respectivo motivo, bem como daqueles que deixaram de ser licenciados ap\u00f3s protocoliza\u00e7\u00e3o de pedido do propriet\u00e1rio.<\/p>\n","protected":false},"excerpt":{"rendered":"<p>Uma liminar que pro\u00edbe a apreens\u00e3o de ve\u00edculos por falta de pagamento de IPVA em Salvador foi publicada na quarta-feira (14) pelo juiz da 10\u00ba Vara de Salvador, Evandro Reim\u00e3o dos Reis. A A\u00e7\u00e3o Civil P\u00fablica foi promovida pela\u00a0Procuradoria de Prerrogativas da Ordem dos Advogados da Bahia (OAB). \u201cDefiro a liminar para determinar si et [&hellip;]<\/p>\n","protected":false},"author":2,"featured_media":76512,"comment_status":"open","ping_status":"open","sticky":false,"template":"","format":"standard","meta":{"footnotes":"","_links_to":"","_links_to_target":""},"categories":[1],"tags":[],"class_list":["post-76511","post","type-post","status-publish","format-standard","has-post-thumbnail","hentry","category-geral"],"views":1130,"_links":{"self":[{"href":"https:\/\/www.sudoestehoje.com.br\/novoportal\/wp-json\/wp\/v2\/posts\/76511","targetHints":{"allow":["GET"]}}],"collection":[{"href":"https:\/\/www.sudoestehoje.com.br\/novoportal\/wp-json\/wp\/v2\/posts"}],"about":[{"href":"https:\/\/www.sudoestehoje.com.br\/novoportal\/wp-json\/wp\/v2\/types\/post"}],"author":[{"embeddable":true,"href":"https:\/\/www.sudoestehoje.com.br\/novoportal\/wp-json\/wp\/v2\/users\/2"}],"replies":[{"embeddable":true,"href":"https:\/\/www.sudoestehoje.com.br\/novoportal\/wp-json\/wp\/v2\/comments?post=76511"}],"version-history":[{"count":1,"href":"https:\/\/www.sudoestehoje.com.br\/novoportal\/wp-json\/wp\/v2\/posts\/76511\/revisions"}],"predecessor-version":[{"id":76513,"href":"https:\/\/www.sudoestehoje.com.br\/novoportal\/wp-json\/wp\/v2\/posts\/76511\/revisions\/76513"}],"wp:featuredmedia":[{"embeddable":true,"href":"https:\/\/www.sudoestehoje.com.br\/novoportal\/wp-json\/wp\/v2\/media\/76512"}],"wp:attachment":[{"href":"https:\/\/www.sudoestehoje.com.br\/novoportal\/wp-json\/wp\/v2\/media?parent=76511"}],"wp:term":[{"taxonomy":"category","embeddable":true,"href":"https:\/\/www.sudoestehoje.com.br\/novoportal\/wp-json\/wp\/v2\/categories?post=76511"},{"taxonomy":"post_tag","embeddable":true,"href":"https:\/\/www.sudoestehoje.com.br\/novoportal\/wp-json\/wp\/v2\/tags?post=76511"}],"curies":[{"name":"wp","href":"https:\/\/api.w.org\/{rel}","templated":true}]}}