
{"id":76501,"date":"2018-11-15T23:16:16","date_gmt":"2018-11-16T02:16:16","guid":{"rendered":"http:\/\/www.sudoestehoje.com.br\/novoportal\/?p=76501"},"modified":"2018-11-15T23:16:16","modified_gmt":"2018-11-16T02:16:16","slug":"passageiro-passa-mal-e-morre-dentro-de-aviao-da-passaredo-em-conquista","status":"publish","type":"post","link":"https:\/\/www.sudoestehoje.com.br\/novoportal\/2018\/11\/15\/passageiro-passa-mal-e-morre-dentro-de-aviao-da-passaredo-em-conquista\/","title":{"rendered":"PASSAGEIRO PASSA MAL E MORRE DENTRO DE AVI\u00c3O DA PASSAREDO EM CONQUISTA"},"content":{"rendered":"<p class=\"bodytext\"><a href=\"http:\/\/www.sudoestehoje.com.br\/novoportal\/wp-content\/uploads\/2018\/11\/PASSAREDO.jpg\"><img loading=\"lazy\" decoding=\"async\" class=\"aligncenter size-medium wp-image-76502\" src=\"http:\/\/www.sudoestehoje.com.br\/novoportal\/wp-content\/uploads\/2018\/11\/PASSAREDO-500x261.jpg\" alt=\"\" width=\"500\" height=\"261\" srcset=\"https:\/\/www.sudoestehoje.com.br\/novoportal\/wp-content\/uploads\/2018\/11\/PASSAREDO-500x261.jpg 500w, https:\/\/www.sudoestehoje.com.br\/novoportal\/wp-content\/uploads\/2018\/11\/PASSAREDO.jpg 540w\" sizes=\"auto, (max-width: 500px) 100vw, 500px\" \/><\/a><\/p>\n<p class=\"bodytext\">Um passageiro, que n\u00e3o teve o nome divulgado, morreu nesta quarta-feira (14)\u00a0\u00a0dentro de um avi\u00e3o que estava no aeroporto de Vit\u00f3ria da Conquista, na Bahia, e seguiria para S\u00e3o Paulo.<\/p>\n<p class=\"bodytext\">Em nota, a Passaredo Linhas A\u00e9reas informou que o\u00a0passageiro que estava a bordo do voo 2268 quando passou mal na aeronave ainda em solo. &#8220;Ele\u00a0foi prontamente atendido pelos bombeiros do aeroporto e posteriormente pelo SAMU, vindo a \u00f3bito.\u00a0A empresa lamenta o ocorrido e est\u00e1 prestando todo o apoio necess\u00e1rio&#8221;, informou a empresa. \/\/<em>Correio<\/em><\/p>\n","protected":false},"excerpt":{"rendered":"<p>Um passageiro, que n\u00e3o teve o nome divulgado, morreu nesta quarta-feira (14)\u00a0\u00a0dentro de um avi\u00e3o que estava no aeroporto de Vit\u00f3ria da Conquista, na Bahia, e seguiria para S\u00e3o Paulo. Em nota, a Passaredo Linhas A\u00e9reas informou que o\u00a0passageiro que estava a bordo do voo 2268 quando passou mal na aeronave ainda em solo. &#8220;Ele\u00a0foi [&hellip;]<\/p>\n","protected":false},"author":2,"featured_media":76502,"comment_status":"open","ping_status":"open","sticky":false,"template":"","format":"standard","meta":{"footnotes":"","_links_to":"","_links_to_target":""},"categories":[1],"tags":[],"class_list":["post-76501","post","type-post","status-publish","format-standard","has-post-thumbnail","hentry","category-geral"],"views":1371,"_links":{"self":[{"href":"https:\/\/www.sudoestehoje.com.br\/novoportal\/wp-json\/wp\/v2\/posts\/76501","targetHints":{"allow":["GET"]}}],"collection":[{"href":"https:\/\/www.sudoestehoje.com.br\/novoportal\/wp-json\/wp\/v2\/posts"}],"about":[{"href":"https:\/\/www.sudoestehoje.com.br\/novoportal\/wp-json\/wp\/v2\/types\/post"}],"author":[{"embeddable":true,"href":"https:\/\/www.sudoestehoje.com.br\/novoportal\/wp-json\/wp\/v2\/users\/2"}],"replies":[{"embeddable":true,"href":"https:\/\/www.sudoestehoje.com.br\/novoportal\/wp-json\/wp\/v2\/comments?post=76501"}],"version-history":[{"count":1,"href":"https:\/\/www.sudoestehoje.com.br\/novoportal\/wp-json\/wp\/v2\/posts\/76501\/revisions"}],"predecessor-version":[{"id":76503,"href":"https:\/\/www.sudoestehoje.com.br\/novoportal\/wp-json\/wp\/v2\/posts\/76501\/revisions\/76503"}],"wp:featuredmedia":[{"embeddable":true,"href":"https:\/\/www.sudoestehoje.com.br\/novoportal\/wp-json\/wp\/v2\/media\/76502"}],"wp:attachment":[{"href":"https:\/\/www.sudoestehoje.com.br\/novoportal\/wp-json\/wp\/v2\/media?parent=76501"}],"wp:term":[{"taxonomy":"category","embeddable":true,"href":"https:\/\/www.sudoestehoje.com.br\/novoportal\/wp-json\/wp\/v2\/categories?post=76501"},{"taxonomy":"post_tag","embeddable":true,"href":"https:\/\/www.sudoestehoje.com.br\/novoportal\/wp-json\/wp\/v2\/tags?post=76501"}],"curies":[{"name":"wp","href":"https:\/\/api.w.org\/{rel}","templated":true}]}}